{"id":4626,"date":"2019-08-01T18:25:06","date_gmt":"2019-08-01T18:25:06","guid":{"rendered":"https:\/\/schreck-aus-schroeck.de\/?p=4626"},"modified":"2019-08-19T18:29:19","modified_gmt":"2019-08-19T18:29:19","slug":"blueht-baden-wuerttemberg-teil-3","status":"publish","type":"post","link":"https:\/\/schreck-aus-schroeck.de\/?p=4626","title":{"rendered":"Bl\u00fcht Baden W\u00fcrttemberg? &#8211; Teil 3"},"content":{"rendered":"<p>Landeswettbewerb BW bl\u00fcht<\/p>\n<p>BaW\u00fc bl\u00fcht &#8211; Teil 3<\/p>\n<p>&nbsp;<\/p>\n<ol>\n<li><strong>Projekt-\/Ma\u00dfnahmenbezeichnung<\/strong><\/li>\n<\/ol>\n<p>Erhalt eines Orchideenbiotops im Tiefgestade von Eggenstein-Leopoldshafen westlich der L559<\/p>\n<p>&nbsp;<\/p>\n<ol start=\"2\">\n<li><strong>Beteiligte Organisationen<\/strong><\/li>\n<\/ol>\n<p>Agenda Gruppe Umwelt, BUND Ortsgruppe Hardt<\/p>\n<p>&nbsp;<\/p>\n<ol start=\"3\">\n<li><strong>Projektbeschreibung, Ma\u00dfnahmen des Konzepts<\/strong><\/li>\n<\/ol>\n<p>Erhalt und Pflege eines Orchideenstandorts durch Entbuschung, Mahd und Beseitigung des Schnittguts<\/p>\n<p>&nbsp;<\/p>\n<ol start=\"4\">\n<li><strong>Ausgangssituation und Ziele<\/strong><\/li>\n<\/ol>\n<p>Das Tiefgestade n\u00f6rdlich von Karlsruhe ist \u00fcblicherweise nicht bekannt f\u00fcr seine Orchideenvielfalt. Umso erstaunlicher ist es, dass in einem jungen Forst, der in den Jahren 1993 und 1994 auf einer bis dahin landwirtschaftlich genutzten Fl\u00e4che im leopoldshafener Gewann Mittelgrund (abwechselnd Getreide- und Maisacker) angepflanzt wurde, sieben verschiedene Orchideenarten nachgewiesen werden konnten. Entstehen sollte durch die damalige Aufforstung ein Eichenmischwald mit Kirschen-\/Walnuss-Kleinbestand sowie Wildapfel\/Wildbirne zur Erh\u00f6hung der Baumartenvielfalt. Au\u00dferdem war ein 30 m breiter Waldrand aus Kraut-, Strauch- und B\u00e4umen geplant. Es stellte sich aus heutiger Erfahrung jedoch heraus, dass der Standort damals zu positiv beurteilt wurde. Das Gebiet wies schon immer so genannte Kiesbrennen (wertvolle Trockenstandorte inmitten einer dynamischen Flusslandschaft) auf. Weichholzauen verlagerten ihre Ausbreitung je nach &#8220;Laune&#8221; des frei flie\u00dfenden Rheins. Nach der Eind\u00e4mmung und Regulierung des Flusses fehlt das dynamische Werden und Vergehen. So m\u00fcssen die heute verbliebenen Fl\u00e4chen wie Kiesbrennen von der drohenden Verbuschung frei gehalten werden, um den wertvollen artenreichen Lebensraum, der nicht mehr neu entstehen kann, zu erhalten. Magerwiesen m\u00fcssen gem\u00e4ht werden. Die Orchideenstandorte befinden sich in unserem Prokektgebiet schwerpunktm\u00e4\u00dfig auf den h\u00f6chsten, trockensten und schlecht w\u00fcchsigsten Standortbereichen.<\/p>\n<p>Bei den sieben in diesem menschengemachten Biotop vorkommenden Orchideen handelt es sich um die folgenden\u00a0 Arten: <strong><em>Orchis purpurea<\/em><\/strong> (Purpur-Knabenkraut), <strong><em>Orchis militaris<\/em><\/strong> (Hem-Knabenkraut, <strong><em>Cephalanthera damasonium<\/em><\/strong> (Wei\u00dfes Waldv\u00f6gelein), <strong><em>Ophrys apifera <\/em><\/strong>(Bienen-Ragwurz), <strong><em>Listera ovata<\/em><\/strong> (Gro\u00dfes Zweiblatt), <strong><em>Platanthera bifolia<\/em><\/strong> (Zweibl\u00e4ttrige Waldhyazinthe), <strong><em>Epipactis helleborine<\/em><\/strong> (Breitbl\u00e4ttrige Stendelwurz).<\/p>\n<p>Die urspr\u00fcnglich gro\u00dfen Best\u00e4nde sind in den letzten Jahren stark geschrumpft. So sind von den anf\u00e4nglich tausenden Exemplaren der <em>Cephalanthera damasonium<\/em> heute nur wenige Exemplare \u00fcbriggeblieben. Auch der Bestand der <em>Platanthera bifolia<\/em> ist von mehreren hundert auf einige dutzend zusammengeschmolzen.<\/p>\n<p><em>Ophrys apifera<\/em> und <em>Orchis purpurea<\/em> konnten sich dagegen behaupten oder sogar etwas ausbreiten.<\/p>\n<p>Der Grund f\u00fcr diesen R\u00fcckgang ist, dass im Laufe der Jahre das angefallene Schnittgut im Forst weitestgehend nicht wegger\u00e4umt wurde mit der Folge, dass der Waldboden durch die Verbuschung heute so sehr beschattet wird, dass ein Gedeihen der Orchideen so gut wie nicht mehr m\u00f6glich ist. Au\u00dferdem wurden die meisten Wege (R\u00fcckegassen) nicht mehr gem\u00e4ht, so dass diese wie der Wald selbst verbuscht sind und ebenfalls als Wuchsort f\u00fcr Orchideen nicht mehr geeignet sind.<\/p>\n<p>Erw\u00e4hnenswerte Begleitflora sind das gesch\u00fctzte Echte Tausendg\u00fcldenkraut (<em>Centaurium erythraea<\/em>), der Rote Zahntrost (<em>Odontites rubra<\/em>) und die bei uns sehr seltene Gew\u00f6hnliche Natternzunge (<em>Ophioglossum vulgatum<\/em>).<\/p>\n<p>Ziel des Projekts ist der Erhalt dieses f\u00fcr das Tiefgestade herausragenden Orchideenstandorts durch kurzfristig zu ergreifende Ma\u00dfnahmen zur Herstellung der f\u00fcr die Orchideen erforderlichen Wuchsbedingungen und die Gew\u00e4hrleistung von j\u00e4hrlichen Pflegema\u00dfnahmen.<\/p>\n<p>&nbsp;<\/p>\n<ol start=\"5\">\n<li><strong>Ma\u00dfnahmenbeschreibung<\/strong><\/li>\n<\/ol>\n<p>Das Gesamtareal umfasst eine Fl\u00e4che von ca. 70 ha. Darin <span style=\"text-decoration: line-through;\">ist<\/span> enthalten ist eine Wiese, die j\u00e4hrlich gem\u00e4ht wird. Die Orchideen sind \u00fcber das gesamte Gebiet verteilt. Das Hauptvorkommen mit allen hier vorkommenden Orchideen liegt jedoch in dem Waldst\u00fcck, das sich \u00f6stlich an diese Wiese anschlie\u00dft. Dieses St\u00fcck hat eine ungef\u00e4hre Fl\u00e4che von 10% des Gesamtareals, also etwa 7 ha. Die zu ergreifenden Ma\u00dfnahmen sollen zun\u00e4chst auf dieses Teilgebiet begrenzt werden. Dazu geh\u00f6ren die baldige Beseitigung des Buschwerks, das M\u00e4hen der Wege und das Entfernen des Schnittguts. In den folgenden Jahren m\u00fcssen diese Pflegema\u00dfnahmen weitergef\u00fchrt werden, ohne dass dadurch die Entwicklung der Orchideen beeintr\u00e4chtigt wird. Eine Kartierung dieses Areals soll j\u00e4hrlich durchgef\u00fchrt werden, damit eine Aussage \u00fcber die Bestandentwicklung gemacht werden kann. Von diesen Ergebnissen soll dann abh\u00e4ngig gemacht werden, ob zus\u00e4tzliche Gebiete in diese Ma\u00dfnahmen aufgenommen werden sollten. Selbstverst\u00e4ndlich k\u00f6nnen alle Aktivit\u00e4ten nur mit der Zustimmung und dem Engagement (materielle und finanzielle Unterst\u00fctzung) der Waldbesitzer, J\u00e4ger, der Gemeindeverwaltung und der Forstbeh\u00f6rde durchgef\u00fchrt werden.<\/p>\n<p>&nbsp;<\/p>\n<ol start=\"6\">\n<li><strong>Ausblick<\/strong><\/li>\n<\/ol>\n<p>Durch das Projekt soll erreicht werden, dass<\/p>\n<ol>\n<li>das betreute Biotop eine herausragende Stellung als Orchideenstandort im Tiefgestade beh\u00e4lt und zur Artenvielfalt in unserer Region beitr\u00e4gt,<\/li>\n<li>durch Vortr\u00e4ge und F\u00fchrungen der Bev\u00f6lkerung, insbesondere in Zusammenarbeit mit den Schulen, die heimische Flora n\u00e4her gebracht und das Interesse an der Natur und der Umwelt geweckt wird.<\/li>\n<li>durch Ver\u00f6ffentlichungen im lokalen Amtsblatt und der \u00f6rtlichen Presse \u00fcber die durchgef\u00fchrten Arbeiten und die Entwicklung des Biotops berichtet wird, um das Bewusstsein eines gr\u00f6\u00dferen Personenkreises f\u00fcr die Belange des Artenschutzes anzusprechen.<\/li>\n<\/ol>\n<p>&nbsp;<\/p>\n<p>Dr. Holger Selisky\u00a0\u00a0\u00a0\u00a0\u00a0\u00a0\u00a0\u00a0\u00a0\u00a0\u00a0\u00a0\u00a0\u00a0\u00a0\u00a0\u00a0\u00a0\u00a0\u00a0\u00a0\u00a0\u00a0\u00a0\u00a0\u00a0\u00a0\u00a0\u00a0\u00a0\u00a0\u00a0\u00a0\u00a0\u00a0\u00a0\u00a0\u00a0\u00a0\u00a0\u00a0\u00a0\u00a0\u00a0\u00a0\u00a0\u00a0\u00a0\u00a0\u00a0\u00a0\u00a0\u00a0\u00a0\u00a0\u00a0\u00a0\u00a0\u00a0\u00a0\u00a0\u00a0\u00a0\u00a0\u00a0\u00a0\u00a0\u00a0\u00a0\u00a0\u00a0\u00a0\u00a0\u00a0\u00a0\u00a0\u00a0\u00a0\u00a0\u00a0\u00a0\u00a0\u00a0\u00a0\u00a0\u00a0\u00a0\u00a0\u00a0\u00a0\u00a0\u00a0\u00a0\u00a0\u00a0\u00a0\u00a0\u00a0\u00a0\u00a0\u00a0\u00a0\u00a0\u00a0\u00a0\u00a0\u00a0\u00a0\u00a0\u00a0\u00a0\u00a0\u00a0\u00a0\u00a0\u00a0\u00a0\u00a0\u00a0\u00a0\u00a0\u00a0\u00a0\u00a0\u00a0\u00a0\u00a0\u00a0\u00a0\u00a0\u00a0\u00a0\u00a0\u00a0\u00a0\u00a0 Version vom 12.08.2019<\/p>\n<p>&nbsp;<\/p>\n<p>&nbsp;<\/p>\n<div data-carousel-extra='{\"blog_id\":1,\"permalink\":\"https:\\\/\\\/schreck-aus-schroeck.de\\\/?p=4626\",\"likes_blog_id\":83645313}' id='gallery-1' class='gallery galleryid-4626 gallery-columns-2 gallery-size-large'><figure class='gallery-item'>\n\t\t\t<div class='gallery-icon landscape'>\n\t\t\t\t<a href='https:\/\/schreck-aus-schroeck.de\/?attachment_id=4629'><img loading=\"lazy\" decoding=\"async\" width=\"764\" height=\"573\" src=\"https:\/\/schreck-aus-schroeck.de\/wp-content\/uploads\/2019\/08\/Weg-HoSel.jpg\" class=\"attachment-large size-large\" alt=\"\" aria-describedby=\"gallery-1-4629\" srcset=\"https:\/\/schreck-aus-schroeck.de\/wp-content\/uploads\/2019\/08\/Weg-HoSel.jpg 1000w, https:\/\/schreck-aus-schroeck.de\/wp-content\/uploads\/2019\/08\/Weg-HoSel-300x225.jpg 300w, https:\/\/schreck-aus-schroeck.de\/wp-content\/uploads\/2019\/08\/Weg-HoSel-768x576.jpg 768w, https:\/\/schreck-aus-schroeck.de\/wp-content\/uploads\/2019\/08\/Weg-HoSel-800x600.jpg 800w\" sizes=\"auto, (max-width: 764px) 100vw, 764px\" data-attachment-id=\"4629\" data-orig-file=\"https:\/\/schreck-aus-schroeck.de\/wp-content\/uploads\/2019\/08\/Weg-HoSel.jpg\" data-orig-size=\"1000,750\" data-comments-opened=\"1\" data-image-meta=\"{&quot;aperture&quot;:&quot;4&quot;,&quot;credit&quot;:&quot;&quot;,&quot;camera&quot;:&quot;DMC-FZ150&quot;,&quot;caption&quot;:&quot;EGG-LEO 08.08.2016 - N49\\u00b06.424 8\\u00b023.057&quot;,&quot;created_timestamp&quot;:&quot;1470652108&quot;,&quot;copyright&quot;:&quot;&quot;,&quot;focal_length&quot;:&quot;12.1&quot;,&quot;iso&quot;:&quot;100&quot;,&quot;shutter_speed&quot;:&quot;0.00125&quot;,&quot;title&quot;:&quot;EGG-LEO 08.08.2016 - N49\\u00b06.424 8\\u00b023.057&quot;,&quot;orientation&quot;:&quot;1&quot;,&quot;keywords&quot;:&quot;Array&quot;}\" data-image-title=\"EGG-LEO 08.08.2016\" data-image-description=\"\" data-medium-file=\"https:\/\/schreck-aus-schroeck.de\/wp-content\/uploads\/2019\/08\/Weg-HoSel-300x225.jpg\" data-large-file=\"https:\/\/schreck-aus-schroeck.de\/wp-content\/uploads\/2019\/08\/Weg-HoSel.jpg\" \/><\/a>\n\t\t\t<\/div>\n\t\t\t\t<figcaption class='wp-caption-text gallery-caption' id='gallery-1-4629'>\n\t\t\t\tBl\u00fchender Weg 08.08.2016 \n\t\t\t\t<\/figcaption><\/figure><figure class='gallery-item'>\n\t\t\t<div class='gallery-icon landscape'>\n\t\t\t\t<a href='https:\/\/schreck-aus-schroeck.de\/?attachment_id=4632'><img loading=\"lazy\" decoding=\"async\" width=\"694\" height=\"530\" src=\"https:\/\/schreck-aus-schroeck.de\/wp-content\/uploads\/2019\/08\/Abendstimmung-HoSel.jpg\" class=\"attachment-large size-large\" alt=\"\" aria-describedby=\"gallery-1-4632\" srcset=\"https:\/\/schreck-aus-schroeck.de\/wp-content\/uploads\/2019\/08\/Abendstimmung-HoSel.jpg 694w, https:\/\/schreck-aus-schroeck.de\/wp-content\/uploads\/2019\/08\/Abendstimmung-HoSel-300x229.jpg 300w\" sizes=\"auto, (max-width: 694px) 100vw, 694px\" data-attachment-id=\"4632\" data-orig-file=\"https:\/\/schreck-aus-schroeck.de\/wp-content\/uploads\/2019\/08\/Abendstimmung-HoSel.jpg\" data-orig-size=\"694,530\" data-comments-opened=\"1\" data-image-meta=\"{&quot;aperture&quot;:&quot;4&quot;,&quot;credit&quot;:&quot;Picasa&quot;,&quot;camera&quot;:&quot;DMC-FZ150&quot;,&quot;caption&quot;:&quot;EGG-LEO 24.02.2017 - N49\\u00b06.360 E8\\u00b023.090&quot;,&quot;created_timestamp&quot;:&quot;1487955200&quot;,&quot;copyright&quot;:&quot;&quot;,&quot;focal_length&quot;:&quot;12.6&quot;,&quot;iso&quot;:&quot;160&quot;,&quot;shutter_speed&quot;:&quot;0.003125&quot;,&quot;title&quot;:&quot;EGG-LEO 24.02.2017 - N49\\u00b06.360 E8\\u00b023.090&quot;,&quot;orientation&quot;:&quot;0&quot;,&quot;keywords&quot;:&quot;Array&quot;}\" data-image-title=\"Abendstimmung\" data-image-description=\"\" data-medium-file=\"https:\/\/schreck-aus-schroeck.de\/wp-content\/uploads\/2019\/08\/Abendstimmung-HoSel-300x229.jpg\" data-large-file=\"https:\/\/schreck-aus-schroeck.de\/wp-content\/uploads\/2019\/08\/Abendstimmung-HoSel.jpg\" \/><\/a>\n\t\t\t<\/div>\n\t\t\t\t<figcaption class='wp-caption-text gallery-caption' id='gallery-1-4632'>\n\t\t\t\tAbendstimmung 24.02.2017\n\t\t\t\t<\/figcaption><\/figure><figure class='gallery-item'>\n\t\t\t<div class='gallery-icon landscape'>\n\t\t\t\t<a href='https:\/\/schreck-aus-schroeck.de\/?attachment_id=4636'><img loading=\"lazy\" decoding=\"async\" width=\"764\" height=\"509\" src=\"https:\/\/schreck-aus-schroeck.de\/wp-content\/uploads\/2019\/08\/Cephalanthera-damasonium-Standort-im-Jahr-2014-HoSel.jpg\" class=\"attachment-large size-large\" alt=\"\" aria-describedby=\"gallery-1-4636\" srcset=\"https:\/\/schreck-aus-schroeck.de\/wp-content\/uploads\/2019\/08\/Cephalanthera-damasonium-Standort-im-Jahr-2014-HoSel.jpg 1000w, https:\/\/schreck-aus-schroeck.de\/wp-content\/uploads\/2019\/08\/Cephalanthera-damasonium-Standort-im-Jahr-2014-HoSel-300x200.jpg 300w, https:\/\/schreck-aus-schroeck.de\/wp-content\/uploads\/2019\/08\/Cephalanthera-damasonium-Standort-im-Jahr-2014-HoSel-768x511.jpg 768w\" sizes=\"auto, (max-width: 764px) 100vw, 764px\" data-attachment-id=\"4636\" data-orig-file=\"https:\/\/schreck-aus-schroeck.de\/wp-content\/uploads\/2019\/08\/Cephalanthera-damasonium-Standort-im-Jahr-2014-HoSel.jpg\" data-orig-size=\"1000,666\" data-comments-opened=\"1\" data-image-meta=\"{&quot;aperture&quot;:&quot;5.6&quot;,&quot;credit&quot;:&quot;Picasa&quot;,&quot;camera&quot;:&quot;Canon EOS 400D DIGITAL&quot;,&quot;caption&quot;:&quot;Cephalanthera damasonium (Wei\\u00dfes Waldv\\u00f6gelein) 09.05.2014 Leopoldshafen (Mittelgrund)&quot;,&quot;created_timestamp&quot;:&quot;1399642825&quot;,&quot;copyright&quot;:&quot;&quot;,&quot;focal_length&quot;:&quot;49&quot;,&quot;iso&quot;:&quot;400&quot;,&quot;shutter_speed&quot;:&quot;0.0333333333333&quot;,&quot;title&quot;:&quot;&quot;,&quot;orientation&quot;:&quot;1&quot;,&quot;keywords&quot;:&quot;Array&quot;}\" data-image-title=\"Cephalanthera damasonium, Standort im Jahr 2014 HoSel\" data-image-description=\"\" data-medium-file=\"https:\/\/schreck-aus-schroeck.de\/wp-content\/uploads\/2019\/08\/Cephalanthera-damasonium-Standort-im-Jahr-2014-HoSel-300x200.jpg\" data-large-file=\"https:\/\/schreck-aus-schroeck.de\/wp-content\/uploads\/2019\/08\/Cephalanthera-damasonium-Standort-im-Jahr-2014-HoSel.jpg\" \/><\/a>\n\t\t\t<\/div>\n\t\t\t\t<figcaption class='wp-caption-text gallery-caption' id='gallery-1-4636'>\n\t\t\t\tMassenvorkommen des Wei\u00dfen Waldv\u00f6geleins vor der Verbuschung 09.05.2014\n\t\t\t\t<\/figcaption><\/figure><figure class='gallery-item'>\n\t\t\t<div class='gallery-icon portrait'>\n\t\t\t\t<a href='https:\/\/schreck-aus-schroeck.de\/?attachment_id=4630'><img loading=\"lazy\" decoding=\"async\" width=\"668\" height=\"1000\" src=\"https:\/\/schreck-aus-schroeck.de\/wp-content\/uploads\/2019\/08\/zugewachsener-Forst-2018-HoSel.jpg\" class=\"attachment-large size-large\" alt=\"\" aria-describedby=\"gallery-1-4630\" srcset=\"https:\/\/schreck-aus-schroeck.de\/wp-content\/uploads\/2019\/08\/zugewachsener-Forst-2018-HoSel.jpg 668w, https:\/\/schreck-aus-schroeck.de\/wp-content\/uploads\/2019\/08\/zugewachsener-Forst-2018-HoSel-200x300.jpg 200w\" sizes=\"auto, (max-width: 668px) 100vw, 668px\" data-attachment-id=\"4630\" data-orig-file=\"https:\/\/schreck-aus-schroeck.de\/wp-content\/uploads\/2019\/08\/zugewachsener-Forst-2018-HoSel.jpg\" data-orig-size=\"668,1000\" data-comments-opened=\"1\" data-image-meta=\"{&quot;aperture&quot;:&quot;4&quot;,&quot;credit&quot;:&quot;Picasa&quot;,&quot;camera&quot;:&quot;DMC-FZ150&quot;,&quot;caption&quot;:&quot;EGG-LEO 10.06.2018 - N49\\u00b06.450 E8\\u00b023.043&quot;,&quot;created_timestamp&quot;:&quot;1528628851&quot;,&quot;copyright&quot;:&quot;&quot;,&quot;focal_length&quot;:&quot;8.3&quot;,&quot;iso&quot;:&quot;100&quot;,&quot;shutter_speed&quot;:&quot;0.003125&quot;,&quot;title&quot;:&quot;EGG-LEO 10.06.2018 - N49\\u00b06.450 E8\\u00b023.043&quot;,&quot;orientation&quot;:&quot;1&quot;,&quot;keywords&quot;:&quot;Array&quot;}\" data-image-title=\"Zugewachsener Forst\" data-image-description=\"\" data-medium-file=\"https:\/\/schreck-aus-schroeck.de\/wp-content\/uploads\/2019\/08\/zugewachsener-Forst-2018-HoSel-200x300.jpg\" data-large-file=\"https:\/\/schreck-aus-schroeck.de\/wp-content\/uploads\/2019\/08\/zugewachsener-Forst-2018-HoSel.jpg\" \/><\/a>\n\t\t\t<\/div>\n\t\t\t\t<figcaption class='wp-caption-text gallery-caption' id='gallery-1-4630'>\n\t\t\t\tVerbuschter Orchideenstandort 02.08.2019\n\t\t\t\t<\/figcaption><\/figure><figure class='gallery-item'>\n\t\t\t<div class='gallery-icon landscape'>\n\t\t\t\t<a href='https:\/\/schreck-aus-schroeck.de\/?attachment_id=4639'><img loading=\"lazy\" decoding=\"async\" width=\"764\" height=\"542\" src=\"https:\/\/schreck-aus-schroeck.de\/wp-content\/uploads\/2019\/08\/Rehbock-auf-der-Wiese-HoSel.jpg\" class=\"attachment-large size-large\" alt=\"\" aria-describedby=\"gallery-1-4639\" srcset=\"https:\/\/schreck-aus-schroeck.de\/wp-content\/uploads\/2019\/08\/Rehbock-auf-der-Wiese-HoSel.jpg 1000w, https:\/\/schreck-aus-schroeck.de\/wp-content\/uploads\/2019\/08\/Rehbock-auf-der-Wiese-HoSel-300x213.jpg 300w, https:\/\/schreck-aus-schroeck.de\/wp-content\/uploads\/2019\/08\/Rehbock-auf-der-Wiese-HoSel-768x545.jpg 768w\" sizes=\"auto, (max-width: 764px) 100vw, 764px\" data-attachment-id=\"4639\" data-orig-file=\"https:\/\/schreck-aus-schroeck.de\/wp-content\/uploads\/2019\/08\/Rehbock-auf-der-Wiese-HoSel.jpg\" data-orig-size=\"1000,710\" data-comments-opened=\"1\" data-image-meta=\"{&quot;aperture&quot;:&quot;5.2&quot;,&quot;credit&quot;:&quot;Picasa&quot;,&quot;camera&quot;:&quot;DMC-FZ150&quot;,&quot;caption&quot;:&quot;Capreolus capreolus m. (Reh) - EGG-LEO 15.06.2017 - N9\\u00b06.460 E8\\u00b022.980&quot;,&quot;created_timestamp&quot;:&quot;1497511628&quot;,&quot;copyright&quot;:&quot;&quot;,&quot;focal_length&quot;:&quot;108&quot;,&quot;iso&quot;:&quot;100&quot;,&quot;shutter_speed&quot;:&quot;0.004&quot;,&quot;title&quot;:&quot;Capreolus capreolus m. (Reh) - EGG-LEO 15.06.2017 - N9\\u00b06.460 E8\\u00b022.980&quot;,&quot;orientation&quot;:&quot;1&quot;,&quot;keywords&quot;:&quot;Array&quot;}\" data-image-title=\"Capreolus capreolus m. (Reh) &#8211; EGG-LEO 15.06.2017\" data-image-description=\"\" data-medium-file=\"https:\/\/schreck-aus-schroeck.de\/wp-content\/uploads\/2019\/08\/Rehbock-auf-der-Wiese-HoSel-300x213.jpg\" data-large-file=\"https:\/\/schreck-aus-schroeck.de\/wp-content\/uploads\/2019\/08\/Rehbock-auf-der-Wiese-HoSel.jpg\" \/><\/a>\n\t\t\t<\/div>\n\t\t\t\t<figcaption class='wp-caption-text gallery-caption' id='gallery-1-4639'>\n\t\t\t\tRehbock 15.06.2017\n\t\t\t\t<\/figcaption><\/figure><figure class='gallery-item'>\n\t\t\t<div class='gallery-icon portrait'>\n\t\t\t\t<a href='https:\/\/schreck-aus-schroeck.de\/?attachment_id=4638'><img loading=\"lazy\" decoding=\"async\" width=\"764\" height=\"827\" src=\"https:\/\/schreck-aus-schroeck.de\/wp-content\/uploads\/2019\/08\/Purpur-Knabenkraut-HoSel.jpg\" class=\"attachment-large size-large\" alt=\"\" aria-describedby=\"gallery-1-4638\" srcset=\"https:\/\/schreck-aus-schroeck.de\/wp-content\/uploads\/2019\/08\/Purpur-Knabenkraut-HoSel.jpg 924w, https:\/\/schreck-aus-schroeck.de\/wp-content\/uploads\/2019\/08\/Purpur-Knabenkraut-HoSel-277x300.jpg 277w, https:\/\/schreck-aus-schroeck.de\/wp-content\/uploads\/2019\/08\/Purpur-Knabenkraut-HoSel-768x831.jpg 768w\" sizes=\"auto, (max-width: 764px) 100vw, 764px\" data-attachment-id=\"4638\" data-orig-file=\"https:\/\/schreck-aus-schroeck.de\/wp-content\/uploads\/2019\/08\/Purpur-Knabenkraut-HoSel.jpg\" data-orig-size=\"924,1000\" data-comments-opened=\"1\" data-image-meta=\"{&quot;aperture&quot;:&quot;3.2&quot;,&quot;credit&quot;:&quot;Picasa&quot;,&quot;camera&quot;:&quot;DMC-FZ150&quot;,&quot;caption&quot;:&quot;Orchis purpurea (Purpur-Knabenkraut) - EGG-LEO 03.05.2018 - N49\\u00b006.477 E8\\u00b023.012&quot;,&quot;created_timestamp&quot;:&quot;1525361127&quot;,&quot;copyright&quot;:&quot;&quot;,&quot;focal_length&quot;:&quot;10&quot;,&quot;iso&quot;:&quot;100&quot;,&quot;shutter_speed&quot;:&quot;0.0166666666667&quot;,&quot;title&quot;:&quot;&quot;,&quot;orientation&quot;:&quot;1&quot;,&quot;keywords&quot;:&quot;Array&quot;}\" data-image-title=\"Purpur-Knabenkraut HoSel\" data-image-description=\"\" data-medium-file=\"https:\/\/schreck-aus-schroeck.de\/wp-content\/uploads\/2019\/08\/Purpur-Knabenkraut-HoSel-277x300.jpg\" data-large-file=\"https:\/\/schreck-aus-schroeck.de\/wp-content\/uploads\/2019\/08\/Purpur-Knabenkraut-HoSel.jpg\" \/><\/a>\n\t\t\t<\/div>\n\t\t\t\t<figcaption class='wp-caption-text gallery-caption' id='gallery-1-4638'>\n\t\t\t\tPurpur-Knabenkaut (Orchis purpurea) 03.05.2018\n\t\t\t\t<\/figcaption><\/figure><figure class='gallery-item'>\n\t\t\t<div class='gallery-icon landscape'>\n\t\t\t\t<a href='https:\/\/schreck-aus-schroeck.de\/?attachment_id=4647'><img loading=\"lazy\" decoding=\"async\" width=\"764\" height=\"640\" src=\"https:\/\/schreck-aus-schroeck.de\/wp-content\/uploads\/2019\/08\/Helm-Knabenkraut1.jpg\" class=\"attachment-large size-large\" alt=\"\" aria-describedby=\"gallery-1-4647\" srcset=\"https:\/\/schreck-aus-schroeck.de\/wp-content\/uploads\/2019\/08\/Helm-Knabenkraut1.jpg 1000w, https:\/\/schreck-aus-schroeck.de\/wp-content\/uploads\/2019\/08\/Helm-Knabenkraut1-300x251.jpg 300w, https:\/\/schreck-aus-schroeck.de\/wp-content\/uploads\/2019\/08\/Helm-Knabenkraut1-768x644.jpg 768w\" sizes=\"auto, (max-width: 764px) 100vw, 764px\" data-attachment-id=\"4647\" data-orig-file=\"https:\/\/schreck-aus-schroeck.de\/wp-content\/uploads\/2019\/08\/Helm-Knabenkraut1.jpg\" data-orig-size=\"1000,838\" data-comments-opened=\"1\" data-image-meta=\"{&quot;aperture&quot;:&quot;4&quot;,&quot;credit&quot;:&quot;Picasa&quot;,&quot;camera&quot;:&quot;DMC-FZ300&quot;,&quot;caption&quot;:&quot;Orchis militaris (Helm-Knabenkraut) - EGG-LEO 02.05.2019 - N49\\u00b06.438 E8\\u00b023.028&quot;,&quot;created_timestamp&quot;:&quot;1556814449&quot;,&quot;copyright&quot;:&quot;&quot;,&quot;focal_length&quot;:&quot;4.5&quot;,&quot;iso&quot;:&quot;100&quot;,&quot;shutter_speed&quot;:&quot;0.008&quot;,&quot;title&quot;:&quot;&quot;,&quot;orientation&quot;:&quot;1&quot;,&quot;keywords&quot;:&quot;Array&quot;}\" data-image-title=\"Helm-Knabenkraut(1)\" data-image-description=\"\" data-medium-file=\"https:\/\/schreck-aus-schroeck.de\/wp-content\/uploads\/2019\/08\/Helm-Knabenkraut1-300x251.jpg\" data-large-file=\"https:\/\/schreck-aus-schroeck.de\/wp-content\/uploads\/2019\/08\/Helm-Knabenkraut1.jpg\" \/><\/a>\n\t\t\t<\/div>\n\t\t\t\t<figcaption class='wp-caption-text gallery-caption' id='gallery-1-4647'>\n\t\t\t\tHelm-Knabenkraut (Orchis militaris) 02.05.2019\n\t\t\t\t<\/figcaption><\/figure><figure class='gallery-item'>\n\t\t\t<div class='gallery-icon portrait'>\n\t\t\t\t<a href='https:\/\/schreck-aus-schroeck.de\/?attachment_id=4631'><img loading=\"lazy\" decoding=\"async\" width=\"554\" height=\"1000\" src=\"https:\/\/schreck-aus-schroeck.de\/wp-content\/uploads\/2019\/08\/Zweibl\u00e4ttrige-Waldhyazinthe-HoSel.jpg\" class=\"attachment-large size-large\" alt=\"\" aria-describedby=\"gallery-1-4631\" srcset=\"https:\/\/schreck-aus-schroeck.de\/wp-content\/uploads\/2019\/08\/Zweibl\u00e4ttrige-Waldhyazinthe-HoSel.jpg 554w, https:\/\/schreck-aus-schroeck.de\/wp-content\/uploads\/2019\/08\/Zweibl\u00e4ttrige-Waldhyazinthe-HoSel-166x300.jpg 166w\" sizes=\"auto, (max-width: 554px) 100vw, 554px\" data-attachment-id=\"4631\" data-orig-file=\"https:\/\/schreck-aus-schroeck.de\/wp-content\/uploads\/2019\/08\/Zweibl\u00e4ttrige-Waldhyazinthe-HoSel.jpg\" data-orig-size=\"554,1000\" data-comments-opened=\"1\" data-image-meta=\"{&quot;aperture&quot;:&quot;4.2&quot;,&quot;credit&quot;:&quot;Picasa&quot;,&quot;camera&quot;:&quot;DMC-FZ150&quot;,&quot;caption&quot;:&quot;Platanthera bifolia (Zweibl\\u00e4ttrige Waldhyazinthe) - EGG-LEO 31.05.2018 - N49\\u00b006.414 E8\\u00b023.083&quot;,&quot;created_timestamp&quot;:&quot;1527747181&quot;,&quot;copyright&quot;:&quot;&quot;,&quot;focal_length&quot;:&quot;66.3&quot;,&quot;iso&quot;:&quot;640&quot;,&quot;shutter_speed&quot;:&quot;0.008&quot;,&quot;title&quot;:&quot;&quot;,&quot;orientation&quot;:&quot;1&quot;,&quot;keywords&quot;:&quot;Array&quot;}\" data-image-title=\"Zweibl\u00e4ttrige Waldhyazinthe HoSel\" data-image-description=\"\" data-medium-file=\"https:\/\/schreck-aus-schroeck.de\/wp-content\/uploads\/2019\/08\/Zweibl\u00e4ttrige-Waldhyazinthe-HoSel-166x300.jpg\" data-large-file=\"https:\/\/schreck-aus-schroeck.de\/wp-content\/uploads\/2019\/08\/Zweibl\u00e4ttrige-Waldhyazinthe-HoSel.jpg\" \/><\/a>\n\t\t\t<\/div>\n\t\t\t\t<figcaption class='wp-caption-text gallery-caption' id='gallery-1-4631'>\n\t\t\t\tZweibl\u00e4ttrige Waldhyazinthe (Platanthera bifolia) 31.05.2018\n\t\t\t\t<\/figcaption><\/figure><figure class='gallery-item'>\n\t\t\t<div class='gallery-icon portrait'>\n\t\t\t\t<a href='https:\/\/schreck-aus-schroeck.de\/?attachment_id=4635'><img loading=\"lazy\" decoding=\"async\" width=\"750\" height=\"1000\" src=\"https:\/\/schreck-aus-schroeck.de\/wp-content\/uploads\/2019\/08\/Cephalanthera-damasonium-4-3-HoSel.jpg\" class=\"attachment-large size-large\" alt=\"\" aria-describedby=\"gallery-1-4635\" srcset=\"https:\/\/schreck-aus-schroeck.de\/wp-content\/uploads\/2019\/08\/Cephalanthera-damasonium-4-3-HoSel.jpg 750w, https:\/\/schreck-aus-schroeck.de\/wp-content\/uploads\/2019\/08\/Cephalanthera-damasonium-4-3-HoSel-225x300.jpg 225w\" sizes=\"auto, (max-width: 750px) 100vw, 750px\" data-attachment-id=\"4635\" data-orig-file=\"https:\/\/schreck-aus-schroeck.de\/wp-content\/uploads\/2019\/08\/Cephalanthera-damasonium-4-3-HoSel.jpg\" data-orig-size=\"750,1000\" data-comments-opened=\"1\" data-image-meta=\"{&quot;aperture&quot;:&quot;4&quot;,&quot;credit&quot;:&quot;Picasa&quot;,&quot;camera&quot;:&quot;DMC-FZ150&quot;,&quot;caption&quot;:&quot;Cephalanthera damasonium 06.05.2015 Leo N49\\u00b06.510 E8\\u00b023.038&quot;,&quot;created_timestamp&quot;:&quot;1430919194&quot;,&quot;copyright&quot;:&quot;&quot;,&quot;focal_length&quot;:&quot;4.5&quot;,&quot;iso&quot;:&quot;100&quot;,&quot;shutter_speed&quot;:&quot;0.00625&quot;,&quot;title&quot;:&quot;Cephalanthera damasonium 06.05.2015 Leo N49\\u00b06.510 E8\\u00b023.038&quot;,&quot;orientation&quot;:&quot;1&quot;,&quot;keywords&quot;:&quot;Array&quot;}\" data-image-title=\"Cephalanthera damasonium 06.05.2015 Leo\" data-image-description=\"\" data-medium-file=\"https:\/\/schreck-aus-schroeck.de\/wp-content\/uploads\/2019\/08\/Cephalanthera-damasonium-4-3-HoSel-225x300.jpg\" data-large-file=\"https:\/\/schreck-aus-schroeck.de\/wp-content\/uploads\/2019\/08\/Cephalanthera-damasonium-4-3-HoSel.jpg\" \/><\/a>\n\t\t\t<\/div>\n\t\t\t\t<figcaption class='wp-caption-text gallery-caption' id='gallery-1-4635'>\n\t\t\t\tWei\u00dfes Waldv\u00f6gelein (Cephalanthera damasonium) 06.05.2015\n\t\t\t\t<\/figcaption><\/figure><figure class='gallery-item'>\n\t\t\t<div class='gallery-icon landscape'>\n\t\t\t\t<a href='https:\/\/schreck-aus-schroeck.de\/?attachment_id=4633'><img loading=\"lazy\" decoding=\"async\" width=\"764\" height=\"737\" src=\"https:\/\/schreck-aus-schroeck.de\/wp-content\/uploads\/2019\/08\/Bienen-Ragwurz-HoSel.jpg\" class=\"attachment-large size-large\" alt=\"\" aria-describedby=\"gallery-1-4633\" srcset=\"https:\/\/schreck-aus-schroeck.de\/wp-content\/uploads\/2019\/08\/Bienen-Ragwurz-HoSel.jpg 1000w, https:\/\/schreck-aus-schroeck.de\/wp-content\/uploads\/2019\/08\/Bienen-Ragwurz-HoSel-300x290.jpg 300w, https:\/\/schreck-aus-schroeck.de\/wp-content\/uploads\/2019\/08\/Bienen-Ragwurz-HoSel-768x741.jpg 768w\" sizes=\"auto, (max-width: 764px) 100vw, 764px\" data-attachment-id=\"4633\" data-orig-file=\"https:\/\/schreck-aus-schroeck.de\/wp-content\/uploads\/2019\/08\/Bienen-Ragwurz-HoSel.jpg\" data-orig-size=\"1000,965\" data-comments-opened=\"1\" data-image-meta=\"{&quot;aperture&quot;:&quot;5.2&quot;,&quot;credit&quot;:&quot;Picasa&quot;,&quot;camera&quot;:&quot;DMC-FZ150&quot;,&quot;caption&quot;:&quot;Ophrys apifera (Bienenragwurz) 28.05.2014 Leopoldshafen (Mittelgrund)&quot;,&quot;created_timestamp&quot;:&quot;1401299090&quot;,&quot;copyright&quot;:&quot;&quot;,&quot;focal_length&quot;:&quot;108&quot;,&quot;iso&quot;:&quot;160&quot;,&quot;shutter_speed&quot;:&quot;0.008&quot;,&quot;title&quot;:&quot;Ophrys apifera (Bienenragwurz) 28.05.2014 Leopoldshafen (Mittelgrund)&quot;,&quot;orientation&quot;:&quot;1&quot;,&quot;keywords&quot;:&quot;Array&quot;}\" data-image-title=\"Ophrys apifera (Bienenragwurz) 28.05.2014 Leopoldshafen (Mittelgrund)\" data-image-description=\"\" data-medium-file=\"https:\/\/schreck-aus-schroeck.de\/wp-content\/uploads\/2019\/08\/Bienen-Ragwurz-HoSel-300x290.jpg\" data-large-file=\"https:\/\/schreck-aus-schroeck.de\/wp-content\/uploads\/2019\/08\/Bienen-Ragwurz-HoSel.jpg\" \/><\/a>\n\t\t\t<\/div>\n\t\t\t\t<figcaption class='wp-caption-text gallery-caption' id='gallery-1-4633'>\n\t\t\t\tBienen-Ragwurz (Ophrys apifera) 28.05.2014\n\t\t\t\t<\/figcaption><\/figure><figure class='gallery-item'>\n\t\t\t<div class='gallery-icon landscape'>\n\t\t\t\t<a href='https:\/\/schreck-aus-schroeck.de\/?attachment_id=4634'><img loading=\"lazy\" decoding=\"async\" width=\"764\" height=\"626\" src=\"https:\/\/schreck-aus-schroeck.de\/wp-content\/uploads\/2019\/08\/Breitbl\u00e4ttrige-Stendelwurz-HoSel.jpg\" class=\"attachment-large size-large\" alt=\"\" aria-describedby=\"gallery-1-4634\" srcset=\"https:\/\/schreck-aus-schroeck.de\/wp-content\/uploads\/2019\/08\/Breitbl\u00e4ttrige-Stendelwurz-HoSel.jpg 1000w, https:\/\/schreck-aus-schroeck.de\/wp-content\/uploads\/2019\/08\/Breitbl\u00e4ttrige-Stendelwurz-HoSel-300x246.jpg 300w, https:\/\/schreck-aus-schroeck.de\/wp-content\/uploads\/2019\/08\/Breitbl\u00e4ttrige-Stendelwurz-HoSel-768x629.jpg 768w\" sizes=\"auto, (max-width: 764px) 100vw, 764px\" data-attachment-id=\"4634\" data-orig-file=\"https:\/\/schreck-aus-schroeck.de\/wp-content\/uploads\/2019\/08\/Breitbl\u00e4ttrige-Stendelwurz-HoSel.jpg\" data-orig-size=\"1000,819\" data-comments-opened=\"1\" data-image-meta=\"{&quot;aperture&quot;:&quot;4&quot;,&quot;credit&quot;:&quot;Picasa&quot;,&quot;camera&quot;:&quot;DMC-FZ150&quot;,&quot;caption&quot;:&quot;Epipactis helleborine (Breitbl\\u00e4ttrige Stendelwurz) - EGG-LEO 07.06.500 - N49\\u00b06.560 E8\\u00b022.980&quot;,&quot;created_timestamp&quot;:&quot;1530955734&quot;,&quot;copyright&quot;:&quot;&quot;,&quot;focal_length&quot;:&quot;23.8&quot;,&quot;iso&quot;:&quot;100&quot;,&quot;shutter_speed&quot;:&quot;0.008&quot;,&quot;title&quot;:&quot;&quot;,&quot;orientation&quot;:&quot;1&quot;,&quot;keywords&quot;:&quot;Array&quot;}\" data-image-title=\"Breitbl\u00e4ttrige Stendelwurz HoSel\" data-image-description=\"\" data-medium-file=\"https:\/\/schreck-aus-schroeck.de\/wp-content\/uploads\/2019\/08\/Breitbl\u00e4ttrige-Stendelwurz-HoSel-300x246.jpg\" data-large-file=\"https:\/\/schreck-aus-schroeck.de\/wp-content\/uploads\/2019\/08\/Breitbl\u00e4ttrige-Stendelwurz-HoSel.jpg\" \/><\/a>\n\t\t\t<\/div>\n\t\t\t\t<figcaption class='wp-caption-text gallery-caption' id='gallery-1-4634'>\n\t\t\t\tBreitbl\u00e4ttrige Stendelwurz (Epipactis helleborine) 07.07.2018\n\t\t\t\t<\/figcaption><\/figure><figure class='gallery-item'>\n\t\t\t<div class='gallery-icon landscape'>\n\t\t\t\t<a href='https:\/\/schreck-aus-schroeck.de\/?attachment_id=4646'><img loading=\"lazy\" decoding=\"async\" width=\"764\" height=\"548\" src=\"https:\/\/schreck-aus-schroeck.de\/wp-content\/uploads\/2019\/08\/Gro\u00dfes-Zweiblatt1.jpg\" class=\"attachment-large size-large\" alt=\"\" aria-describedby=\"gallery-1-4646\" srcset=\"https:\/\/schreck-aus-schroeck.de\/wp-content\/uploads\/2019\/08\/Gro\u00dfes-Zweiblatt1.jpg 1000w, https:\/\/schreck-aus-schroeck.de\/wp-content\/uploads\/2019\/08\/Gro\u00dfes-Zweiblatt1-300x215.jpg 300w, https:\/\/schreck-aus-schroeck.de\/wp-content\/uploads\/2019\/08\/Gro\u00dfes-Zweiblatt1-768x551.jpg 768w\" sizes=\"auto, (max-width: 764px) 100vw, 764px\" data-attachment-id=\"4646\" data-orig-file=\"https:\/\/schreck-aus-schroeck.de\/wp-content\/uploads\/2019\/08\/Gro\u00dfes-Zweiblatt1.jpg\" data-orig-size=\"1000,717\" data-comments-opened=\"1\" data-image-meta=\"{&quot;aperture&quot;:&quot;4&quot;,&quot;credit&quot;:&quot;Picasa&quot;,&quot;camera&quot;:&quot;DMC-FZ300&quot;,&quot;caption&quot;:&quot;Listera ovata (Gro\\u00dfes Zweiblatt) - EGG-LEO 18.05.2018 - N49\\u00b08.384 E8\\u00b022.983&quot;,&quot;created_timestamp&quot;:&quot;1558195053&quot;,&quot;copyright&quot;:&quot;&quot;,&quot;focal_length&quot;:&quot;4.5&quot;,&quot;iso&quot;:&quot;100&quot;,&quot;shutter_speed&quot;:&quot;0.0025&quot;,&quot;title&quot;:&quot;Listera ovata (Gro\\u00dfes Zweiblatt) - EGG-LEO 18.05.2018 - N49\\u00b08.384 E8\\u00b022.983&quot;,&quot;orientation&quot;:&quot;1&quot;,&quot;keywords&quot;:&quot;Array&quot;}\" data-image-title=\"Listera ovata (Gro\u00dfes Zweiblatt) &#8211; EGG-LEO 18.05.2018 &#8211; N49\u00b08.384 E8\u00b022.983\" data-image-description=\"\" data-medium-file=\"https:\/\/schreck-aus-schroeck.de\/wp-content\/uploads\/2019\/08\/Gro\u00dfes-Zweiblatt1-300x215.jpg\" data-large-file=\"https:\/\/schreck-aus-schroeck.de\/wp-content\/uploads\/2019\/08\/Gro\u00dfes-Zweiblatt1.jpg\" \/><\/a>\n\t\t\t<\/div>\n\t\t\t\t<figcaption class='wp-caption-text gallery-caption' id='gallery-1-4646'>\n\t\t\t\tGro\u00dfes Zweiblatt (Listera ovata) 18.05.2019\n\t\t\t\t<\/figcaption><\/figure><figure class='gallery-item'>\n\t\t\t<div class='gallery-icon landscape'>\n\t\t\t\t<a href='https:\/\/schreck-aus-schroeck.de\/?attachment_id=4628'><img loading=\"lazy\" decoding=\"async\" width=\"764\" height=\"516\" src=\"https:\/\/schreck-aus-schroeck.de\/wp-content\/uploads\/2019\/08\/Roter-Zahntrost-HoSel.jpg\" class=\"attachment-large size-large\" alt=\"\" aria-describedby=\"gallery-1-4628\" srcset=\"https:\/\/schreck-aus-schroeck.de\/wp-content\/uploads\/2019\/08\/Roter-Zahntrost-HoSel.jpg 1000w, https:\/\/schreck-aus-schroeck.de\/wp-content\/uploads\/2019\/08\/Roter-Zahntrost-HoSel-300x203.jpg 300w, https:\/\/schreck-aus-schroeck.de\/wp-content\/uploads\/2019\/08\/Roter-Zahntrost-HoSel-768x519.jpg 768w\" sizes=\"auto, (max-width: 764px) 100vw, 764px\" data-attachment-id=\"4628\" data-orig-file=\"https:\/\/schreck-aus-schroeck.de\/wp-content\/uploads\/2019\/08\/Roter-Zahntrost-HoSel.jpg\" data-orig-size=\"1000,676\" data-comments-opened=\"1\" data-image-meta=\"{&quot;aperture&quot;:&quot;4&quot;,&quot;credit&quot;:&quot;Picasa&quot;,&quot;camera&quot;:&quot;DMC-FZ150&quot;,&quot;caption&quot;:&quot;Odontites vulgaris (Roter Zahntrost)  01.09.2014 Egg-Leo&quot;,&quot;created_timestamp&quot;:&quot;1409590066&quot;,&quot;copyright&quot;:&quot;&quot;,&quot;focal_length&quot;:&quot;4.5&quot;,&quot;iso&quot;:&quot;100&quot;,&quot;shutter_speed&quot;:&quot;0.008&quot;,&quot;title&quot;:&quot;Odontites vulgaris (Roter Zahntrost)  01.09.2014 Egg-Leo&quot;,&quot;orientation&quot;:&quot;1&quot;,&quot;keywords&quot;:&quot;Array&quot;}\" data-image-title=\"Odontites vulgaris (Roter Zahntrost)  01.09.2014 Egg-Leo\" data-image-description=\"\" data-medium-file=\"https:\/\/schreck-aus-schroeck.de\/wp-content\/uploads\/2019\/08\/Roter-Zahntrost-HoSel-300x203.jpg\" data-large-file=\"https:\/\/schreck-aus-schroeck.de\/wp-content\/uploads\/2019\/08\/Roter-Zahntrost-HoSel.jpg\" \/><\/a>\n\t\t\t<\/div>\n\t\t\t\t<figcaption class='wp-caption-text gallery-caption' id='gallery-1-4628'>\n\t\t\t\tRoter Zahntrost (Odontites vulgaris) 01.09.2014\n\t\t\t\t<\/figcaption><\/figure><figure class='gallery-item'>\n\t\t\t<div class='gallery-icon landscape'>\n\t\t\t\t<a href='https:\/\/schreck-aus-schroeck.de\/?attachment_id=4645'><img loading=\"lazy\" decoding=\"async\" width=\"764\" height=\"573\" src=\"https:\/\/schreck-aus-schroeck.de\/wp-content\/uploads\/2019\/08\/Gemeine-Natternzunge1.jpg\" class=\"attachment-large size-large\" alt=\"\" aria-describedby=\"gallery-1-4645\" srcset=\"https:\/\/schreck-aus-schroeck.de\/wp-content\/uploads\/2019\/08\/Gemeine-Natternzunge1.jpg 1000w, https:\/\/schreck-aus-schroeck.de\/wp-content\/uploads\/2019\/08\/Gemeine-Natternzunge1-300x225.jpg 300w, https:\/\/schreck-aus-schroeck.de\/wp-content\/uploads\/2019\/08\/Gemeine-Natternzunge1-768x576.jpg 768w, https:\/\/schreck-aus-schroeck.de\/wp-content\/uploads\/2019\/08\/Gemeine-Natternzunge1-800x600.jpg 800w\" sizes=\"auto, (max-width: 764px) 100vw, 764px\" data-attachment-id=\"4645\" data-orig-file=\"https:\/\/schreck-aus-schroeck.de\/wp-content\/uploads\/2019\/08\/Gemeine-Natternzunge1.jpg\" data-orig-size=\"1000,750\" data-comments-opened=\"1\" data-image-meta=\"{&quot;aperture&quot;:&quot;4&quot;,&quot;credit&quot;:&quot;Picasa&quot;,&quot;camera&quot;:&quot;DMC-FZ300&quot;,&quot;caption&quot;:&quot;Ophioglossum vulgatom (Gemeine Natternzunge) - EGG-LEO 02.05.2019 - N49\\u00b06.413 E8\\u00b023.036&quot;,&quot;created_timestamp&quot;:&quot;1556811286&quot;,&quot;copyright&quot;:&quot;&quot;,&quot;focal_length&quot;:&quot;4.5&quot;,&quot;iso&quot;:&quot;100&quot;,&quot;shutter_speed&quot;:&quot;0.008&quot;,&quot;title&quot;:&quot;&quot;,&quot;orientation&quot;:&quot;1&quot;,&quot;keywords&quot;:&quot;Array&quot;}\" data-image-title=\"Gemeine Natternzunge(1)\" data-image-description=\"\" data-medium-file=\"https:\/\/schreck-aus-schroeck.de\/wp-content\/uploads\/2019\/08\/Gemeine-Natternzunge1-300x225.jpg\" data-large-file=\"https:\/\/schreck-aus-schroeck.de\/wp-content\/uploads\/2019\/08\/Gemeine-Natternzunge1.jpg\" \/><\/a>\n\t\t\t<\/div>\n\t\t\t\t<figcaption class='wp-caption-text gallery-caption' id='gallery-1-4645'>\n\t\t\t\tGemeine Natternzunge (Ophioglossum vulgatum) 02.05.2019 \n\t\t\t\t<\/figcaption><\/figure><figure class='gallery-item'>\n\t\t\t<div class='gallery-icon portrait'>\n\t\t\t\t<a href='https:\/\/schreck-aus-schroeck.de\/?attachment_id=4637'><img loading=\"lazy\" decoding=\"async\" width=\"764\" height=\"956\" src=\"https:\/\/schreck-aus-schroeck.de\/wp-content\/uploads\/2019\/08\/Echtes-Tausendg\u00fcldenkraut-HoSel.jpg\" class=\"attachment-large size-large\" alt=\"\" aria-describedby=\"gallery-1-4637\" srcset=\"https:\/\/schreck-aus-schroeck.de\/wp-content\/uploads\/2019\/08\/Echtes-Tausendg\u00fcldenkraut-HoSel.jpg 799w, https:\/\/schreck-aus-schroeck.de\/wp-content\/uploads\/2019\/08\/Echtes-Tausendg\u00fcldenkraut-HoSel-240x300.jpg 240w, https:\/\/schreck-aus-schroeck.de\/wp-content\/uploads\/2019\/08\/Echtes-Tausendg\u00fcldenkraut-HoSel-768x961.jpg 768w\" sizes=\"auto, (max-width: 764px) 100vw, 764px\" data-attachment-id=\"4637\" data-orig-file=\"https:\/\/schreck-aus-schroeck.de\/wp-content\/uploads\/2019\/08\/Echtes-Tausendg\u00fcldenkraut-HoSel.jpg\" data-orig-size=\"799,1000\" data-comments-opened=\"1\" data-image-meta=\"{&quot;aperture&quot;:&quot;4&quot;,&quot;credit&quot;:&quot;Picasa&quot;,&quot;camera&quot;:&quot;DMC-FZ150&quot;,&quot;caption&quot;:&quot;Centaurium erythraea (Echtes Tausendg\\u00fcldenkraut) - EGG-LEO 05.09.2015 - N49\\u00b06.410 E8\\u00b023.067&quot;,&quot;created_timestamp&quot;:&quot;1441458759&quot;,&quot;copyright&quot;:&quot;&quot;,&quot;focal_length&quot;:&quot;4.5&quot;,&quot;iso&quot;:&quot;100&quot;,&quot;shutter_speed&quot;:&quot;0.005&quot;,&quot;title&quot;:&quot;&quot;,&quot;orientation&quot;:&quot;1&quot;,&quot;keywords&quot;:&quot;Array&quot;}\" data-image-title=\"Echtes Tausendg\u00fcldenkraut HoSel\" data-image-description=\"\" data-medium-file=\"https:\/\/schreck-aus-schroeck.de\/wp-content\/uploads\/2019\/08\/Echtes-Tausendg\u00fcldenkraut-HoSel-240x300.jpg\" data-large-file=\"https:\/\/schreck-aus-schroeck.de\/wp-content\/uploads\/2019\/08\/Echtes-Tausendg\u00fcldenkraut-HoSel.jpg\" \/><\/a>\n\t\t\t<\/div>\n\t\t\t\t<figcaption class='wp-caption-text gallery-caption' id='gallery-1-4637'>\n\t\t\t\tEchtes Tausendg\u00fcldenkraut (Centaurium erythraea) 09.2015 \n\t\t\t\t<\/figcaption><\/figure>\n\t\t<\/div>\n\n","protected":false},"excerpt":{"rendered":"<p>Landeswettbewerb BW bl\u00fcht BaW\u00fc bl\u00fcht &#8211; Teil 3 &nbsp; Projekt-\/Ma\u00dfnahmenbezeichnung Erhalt eines Orchideenbiotops im Tiefgestade von Eggenstein-Leopoldshafen westlich der L559 &nbsp; Beteiligte Organisationen Agenda Gruppe Umwelt, BUND Ortsgruppe Hardt &nbsp; Projektbeschreibung, Ma\u00dfnahmen des Konzepts Erhalt und Pflege eines Orchideenstandorts durch Entbuschung, Mahd und Beseitigung des Schnittguts &nbsp; Ausgangssituation und Ziele Das Tiefgestade n\u00f6rdlich von Karlsruhe [&hellip;]<\/p>\n","protected":false},"author":1,"featured_media":4627,"comment_status":"open","ping_status":"open","sticky":false,"template":"","format":"standard","meta":{"_monsterinsights_skip_tracking":false,"_monsterinsights_sitenote_active":false,"_monsterinsights_sitenote_note":"","_monsterinsights_sitenote_category":0,"jetpack_post_was_ever_published":false,"_jetpack_newsletter_access":"","_jetpack_dont_email_post_to_subs":false,"_jetpack_newsletter_tier_id":0,"_jetpack_memberships_contains_paywalled_content":false,"_jetpack_memberships_contains_paid_content":false,"footnotes":"","jetpack_publicize_message":"","jetpack_publicize_feature_enabled":true,"jetpack_social_post_already_shared":true,"jetpack_social_options":{"image_generator_settings":{"template":"highway","default_image_id":0,"font":"","enabled":false},"version":2}},"categories":[134,174,126],"tags":[172],"class_list":["post-4626","post","type-post","status-publish","format-standard","has-post-thumbnail","hentry","category-agenda-gruppe-umwelt","category-baden-wuerrtember-blueht","category-umwelt","tag-baden-wuerttemberg-blueht"],"jetpack_publicize_connections":[],"jetpack_featured_media_url":"https:\/\/schreck-aus-schroeck.de\/wp-content\/uploads\/2019\/08\/Rehbock-auf-der-Wiese-HoSel-2.jpg","jetpack_sharing_enabled":true,"jetpack_shortlink":"https:\/\/wp.me\/p5EXXX-1cC","jetpack_likes_enabled":true,"_links":{"self":[{"href":"https:\/\/schreck-aus-schroeck.de\/index.php?rest_route=\/wp\/v2\/posts\/4626","targetHints":{"allow":["GET"]}}],"collection":[{"href":"https:\/\/schreck-aus-schroeck.de\/index.php?rest_route=\/wp\/v2\/posts"}],"about":[{"href":"https:\/\/schreck-aus-schroeck.de\/index.php?rest_route=\/wp\/v2\/types\/post"}],"author":[{"embeddable":true,"href":"https:\/\/schreck-aus-schroeck.de\/index.php?rest_route=\/wp\/v2\/users\/1"}],"replies":[{"embeddable":true,"href":"https:\/\/schreck-aus-schroeck.de\/index.php?rest_route=%2Fwp%2Fv2%2Fcomments&post=4626"}],"version-history":[{"count":9,"href":"https:\/\/schreck-aus-schroeck.de\/index.php?rest_route=\/wp\/v2\/posts\/4626\/revisions"}],"predecessor-version":[{"id":4764,"href":"https:\/\/schreck-aus-schroeck.de\/index.php?rest_route=\/wp\/v2\/posts\/4626\/revisions\/4764"}],"wp:featuredmedia":[{"embeddable":true,"href":"https:\/\/schreck-aus-schroeck.de\/index.php?rest_route=\/wp\/v2\/media\/4627"}],"wp:attachment":[{"href":"https:\/\/schreck-aus-schroeck.de\/index.php?rest_route=%2Fwp%2Fv2%2Fmedia&parent=4626"}],"wp:term":[{"taxonomy":"category","embeddable":true,"href":"https:\/\/schreck-aus-schroeck.de\/index.php?rest_route=%2Fwp%2Fv2%2Fcategories&post=4626"},{"taxonomy":"post_tag","embeddable":true,"href":"https:\/\/schreck-aus-schroeck.de\/index.php?rest_route=%2Fwp%2Fv2%2Ftags&post=4626"}],"curies":[{"name":"wp","href":"https:\/\/api.w.org\/{rel}","templated":true}]}}