{"id":5404,"date":"2020-08-03T18:18:25","date_gmt":"2020-08-03T18:18:25","guid":{"rendered":"https:\/\/schreck-aus-schroeck.de\/?p=5404"},"modified":"2020-08-03T18:18:25","modified_gmt":"2020-08-03T18:18:25","slug":"blutweiderich-langhornbiene","status":"publish","type":"post","link":"https:\/\/schreck-aus-schroeck.de\/?p=5404","title":{"rendered":"Blutweiderich-Langhornbiene"},"content":{"rendered":"\n<p>Eucera salicariae<\/p>\n\n\n\n<figure class=\"wp-block-image size-full\"><img loading=\"lazy\" decoding=\"async\" width=\"2560\" height=\"1441\" src=\"https:\/\/schreck-aus-schroeck.de\/wp-content\/uploads\/2020\/08\/2020.07.26_Blutweiderich-Langhornbiene_RMS_204807-2-scaled.jpg\" alt=\"\" class=\"wp-image-5406\" srcset=\"https:\/\/schreck-aus-schroeck.de\/wp-content\/uploads\/2020\/08\/2020.07.26_Blutweiderich-Langhornbiene_RMS_204807-2-scaled.jpg 2560w, https:\/\/schreck-aus-schroeck.de\/wp-content\/uploads\/2020\/08\/2020.07.26_Blutweiderich-Langhornbiene_RMS_204807-2-300x169.jpg 300w, https:\/\/schreck-aus-schroeck.de\/wp-content\/uploads\/2020\/08\/2020.07.26_Blutweiderich-Langhornbiene_RMS_204807-2-1024x576.jpg 1024w, https:\/\/schreck-aus-schroeck.de\/wp-content\/uploads\/2020\/08\/2020.07.26_Blutweiderich-Langhornbiene_RMS_204807-2-768x432.jpg 768w, https:\/\/schreck-aus-schroeck.de\/wp-content\/uploads\/2020\/08\/2020.07.26_Blutweiderich-Langhornbiene_RMS_204807-2-1536x864.jpg 1536w, https:\/\/schreck-aus-schroeck.de\/wp-content\/uploads\/2020\/08\/2020.07.26_Blutweiderich-Langhornbiene_RMS_204807-2-2048x1153.jpg 2048w\" sizes=\"auto, (max-width: 2560px) 100vw, 2560px\" \/><figcaption>Wildbienen im Freiland zu bestimmen ist ein schwieriges Unterfangen. Eine zuverl\u00e4ssige Ansprache ist nur bei solchen Arten m\u00f6glich, die auf eine Pflanzenart spezialisiert sind. Eine solche Lebensweise nennt man oligolektisch. Wenn dann die Bienen auch noch einigerma\u00dfen auff\u00e4llig sind wie die lang gef\u00fchlerten M\u00e4nnchen der Blutweiderich-Langhornbienen, k\u00f6nnen auch Unge\u00fcbte diese Spezialisten erkennenn.<\/figcaption><\/figure>\n\n\n\n<figure class=\"wp-block-image size-large\"><img loading=\"lazy\" decoding=\"async\" width=\"1024\" height=\"576\" src=\"https:\/\/schreck-aus-schroeck.de\/wp-content\/uploads\/2020\/08\/2020.07.26_Blutweiderich-Langhornbiene_RMS_204794-2-1024x576.jpg\" alt=\"\" class=\"wp-image-5407\" srcset=\"https:\/\/schreck-aus-schroeck.de\/wp-content\/uploads\/2020\/08\/2020.07.26_Blutweiderich-Langhornbiene_RMS_204794-2-1024x576.jpg 1024w, https:\/\/schreck-aus-schroeck.de\/wp-content\/uploads\/2020\/08\/2020.07.26_Blutweiderich-Langhornbiene_RMS_204794-2-300x169.jpg 300w, https:\/\/schreck-aus-schroeck.de\/wp-content\/uploads\/2020\/08\/2020.07.26_Blutweiderich-Langhornbiene_RMS_204794-2-768x432.jpg 768w, https:\/\/schreck-aus-schroeck.de\/wp-content\/uploads\/2020\/08\/2020.07.26_Blutweiderich-Langhornbiene_RMS_204794-2-1536x865.jpg 1536w, https:\/\/schreck-aus-schroeck.de\/wp-content\/uploads\/2020\/08\/2020.07.26_Blutweiderich-Langhornbiene_RMS_204794-2-2048x1153.jpg 2048w\" sizes=\"auto, (max-width: 1024px) 100vw, 1024px\" \/><figcaption>Die M\u00e4nnchen patroullieren an den Lythrum salicaria, laben sich am Nektar und warten dort auch auf die Weibchen.<br>23.07.2020<\/figcaption><\/figure>\n\n\n\n<figure class=\"wp-block-image size-large\"><img loading=\"lazy\" decoding=\"async\" width=\"1024\" height=\"768\" src=\"https:\/\/schreck-aus-schroeck.de\/wp-content\/uploads\/2020\/08\/2009.09.01_Schlafgesellschaft-Blutweiderich-Langhornbienen_IMG_6114-1024x768.jpg\" alt=\"\" class=\"wp-image-5408\" srcset=\"https:\/\/schreck-aus-schroeck.de\/wp-content\/uploads\/2020\/08\/2009.09.01_Schlafgesellschaft-Blutweiderich-Langhornbienen_IMG_6114-1024x768.jpg 1024w, https:\/\/schreck-aus-schroeck.de\/wp-content\/uploads\/2020\/08\/2009.09.01_Schlafgesellschaft-Blutweiderich-Langhornbienen_IMG_6114-300x225.jpg 300w, https:\/\/schreck-aus-schroeck.de\/wp-content\/uploads\/2020\/08\/2009.09.01_Schlafgesellschaft-Blutweiderich-Langhornbienen_IMG_6114-768x576.jpg 768w, https:\/\/schreck-aus-schroeck.de\/wp-content\/uploads\/2020\/08\/2009.09.01_Schlafgesellschaft-Blutweiderich-Langhornbienen_IMG_6114-1536x1152.jpg 1536w, https:\/\/schreck-aus-schroeck.de\/wp-content\/uploads\/2020\/08\/2009.09.01_Schlafgesellschaft-Blutweiderich-Langhornbienen_IMG_6114-2048x1536.jpg 2048w, https:\/\/schreck-aus-schroeck.de\/wp-content\/uploads\/2020\/08\/2009.09.01_Schlafgesellschaft-Blutweiderich-Langhornbienen_IMG_6114-800x600.jpg 800w\" sizes=\"auto, (max-width: 1024px) 100vw, 1024px\" \/><figcaption>01.09.2009 &#8211; Fr\u00fchaufsteher entdecken Schlafgesellschaften der M\u00e4nnchen an den Bl\u00fcten.<\/figcaption><\/figure>\n\n\n\n<figure class=\"wp-block-image size-large\"><img loading=\"lazy\" decoding=\"async\" width=\"1024\" height=\"768\" src=\"https:\/\/schreck-aus-schroeck.de\/wp-content\/uploads\/2020\/08\/2009.09.01_Schlafgesellschaft-Blutweiderich-Langhornbienen_IMG_6113-1024x768.jpg\" alt=\"\" class=\"wp-image-5409\" srcset=\"https:\/\/schreck-aus-schroeck.de\/wp-content\/uploads\/2020\/08\/2009.09.01_Schlafgesellschaft-Blutweiderich-Langhornbienen_IMG_6113-1024x768.jpg 1024w, https:\/\/schreck-aus-schroeck.de\/wp-content\/uploads\/2020\/08\/2009.09.01_Schlafgesellschaft-Blutweiderich-Langhornbienen_IMG_6113-300x225.jpg 300w, https:\/\/schreck-aus-schroeck.de\/wp-content\/uploads\/2020\/08\/2009.09.01_Schlafgesellschaft-Blutweiderich-Langhornbienen_IMG_6113-768x576.jpg 768w, https:\/\/schreck-aus-schroeck.de\/wp-content\/uploads\/2020\/08\/2009.09.01_Schlafgesellschaft-Blutweiderich-Langhornbienen_IMG_6113-1536x1152.jpg 1536w, https:\/\/schreck-aus-schroeck.de\/wp-content\/uploads\/2020\/08\/2009.09.01_Schlafgesellschaft-Blutweiderich-Langhornbienen_IMG_6113-2048x1536.jpg 2048w, https:\/\/schreck-aus-schroeck.de\/wp-content\/uploads\/2020\/08\/2009.09.01_Schlafgesellschaft-Blutweiderich-Langhornbienen_IMG_6113-800x600.jpg 800w\" sizes=\"auto, (max-width: 1024px) 100vw, 1024px\" \/><figcaption>Sobald die Temperaturen am Morgen wieder ansteigen, werden die M\u00e4nner aktiv und fliegen umher. Die Weibchen verbringen die N\u00e4chte in den selbst gegrabenen Nistr\u00f6hren im Boden, in denen auch die Neue Brut angelegt wird.<\/figcaption><\/figure>\n\n\n\n<figure class=\"wp-block-image size-large\"><img loading=\"lazy\" decoding=\"async\" width=\"1024\" height=\"768\" src=\"https:\/\/schreck-aus-schroeck.de\/wp-content\/uploads\/2020\/08\/2008.08.20_GartenBlutweiderich_e5-1024x768.jpg\" alt=\"\" class=\"wp-image-5410\" srcset=\"https:\/\/schreck-aus-schroeck.de\/wp-content\/uploads\/2020\/08\/2008.08.20_GartenBlutweiderich_e5-1024x768.jpg 1024w, https:\/\/schreck-aus-schroeck.de\/wp-content\/uploads\/2020\/08\/2008.08.20_GartenBlutweiderich_e5-300x225.jpg 300w, https:\/\/schreck-aus-schroeck.de\/wp-content\/uploads\/2020\/08\/2008.08.20_GartenBlutweiderich_e5-768x576.jpg 768w, https:\/\/schreck-aus-schroeck.de\/wp-content\/uploads\/2020\/08\/2008.08.20_GartenBlutweiderich_e5-1536x1152.jpg 1536w, https:\/\/schreck-aus-schroeck.de\/wp-content\/uploads\/2020\/08\/2008.08.20_GartenBlutweiderich_e5-2048x1536.jpg 2048w, https:\/\/schreck-aus-schroeck.de\/wp-content\/uploads\/2020\/08\/2008.08.20_GartenBlutweiderich_e5-800x600.jpg 800w\" sizes=\"auto, (max-width: 1024px) 100vw, 1024px\" \/><figcaption>20.08.2008 &#8211; In unserem Garten haben sich die Weideriche von alleine angesiedelt und sind dankbare Stauden der Hochstaudenflur. Sie sind anspruchslos, werden ca. 150 cm hoch, sind standfest und bestechen durch ihre lange Bl\u00fctezeit. Einzelne &#8220;angeflogene&#8221; Goldruten wurden belassen und ergeben ein buntes Gartenbild, sowie Nektar f\u00fcr Insekten.<\/figcaption><\/figure>\n\n\n\n<figure class=\"wp-block-image size-large\"><img loading=\"lazy\" decoding=\"async\" width=\"1024\" height=\"576\" src=\"https:\/\/schreck-aus-schroeck.de\/wp-content\/uploads\/2020\/08\/2020.07.20_Garten-Blutweiderich_RMS_200070-1024x576.jpg\" alt=\"\" class=\"wp-image-5411\" srcset=\"https:\/\/schreck-aus-schroeck.de\/wp-content\/uploads\/2020\/08\/2020.07.20_Garten-Blutweiderich_RMS_200070-1024x576.jpg 1024w, https:\/\/schreck-aus-schroeck.de\/wp-content\/uploads\/2020\/08\/2020.07.20_Garten-Blutweiderich_RMS_200070-300x169.jpg 300w, https:\/\/schreck-aus-schroeck.de\/wp-content\/uploads\/2020\/08\/2020.07.20_Garten-Blutweiderich_RMS_200070-768x432.jpg 768w, https:\/\/schreck-aus-schroeck.de\/wp-content\/uploads\/2020\/08\/2020.07.20_Garten-Blutweiderich_RMS_200070-1536x865.jpg 1536w, https:\/\/schreck-aus-schroeck.de\/wp-content\/uploads\/2020\/08\/2020.07.20_Garten-Blutweiderich_RMS_200070-2048x1153.jpg 2048w\" sizes=\"auto, (max-width: 1024px) 100vw, 1024px\" \/><figcaption>20.07.2020 &#8211; Die fortgeschrittene Sukzession wird gez\u00e4hmt, der Teich aktuell saniert. Die Weideriche bl\u00fchen um die Wette und laden zu interessanten Beobachtungen ein.<\/figcaption><\/figure>\n\n\n\n<figure class=\"wp-block-image size-large\"><img loading=\"lazy\" decoding=\"async\" width=\"1024\" height=\"576\" src=\"https:\/\/schreck-aus-schroeck.de\/wp-content\/uploads\/2020\/08\/2020.07.23_Blutweiderich-Langhornbiene_RMS_201693-2-1024x576.jpg\" alt=\"\" class=\"wp-image-5412\" srcset=\"https:\/\/schreck-aus-schroeck.de\/wp-content\/uploads\/2020\/08\/2020.07.23_Blutweiderich-Langhornbiene_RMS_201693-2-1024x576.jpg 1024w, https:\/\/schreck-aus-schroeck.de\/wp-content\/uploads\/2020\/08\/2020.07.23_Blutweiderich-Langhornbiene_RMS_201693-2-300x169.jpg 300w, https:\/\/schreck-aus-schroeck.de\/wp-content\/uploads\/2020\/08\/2020.07.23_Blutweiderich-Langhornbiene_RMS_201693-2-768x432.jpg 768w, https:\/\/schreck-aus-schroeck.de\/wp-content\/uploads\/2020\/08\/2020.07.23_Blutweiderich-Langhornbiene_RMS_201693-2-1536x865.jpg 1536w, https:\/\/schreck-aus-schroeck.de\/wp-content\/uploads\/2020\/08\/2020.07.23_Blutweiderich-Langhornbiene_RMS_201693-2-2048x1153.jpg 2048w\" sizes=\"auto, (max-width: 1024px) 100vw, 1024px\" \/><figcaption>Die Weibchen flitzen von B\u00fcte zu Bl\u00fcte, sammeln Pollen und Nektar und tragen dieses Gemisch als Proviant in die Erdnester f\u00fcr die Larven ein. Diese Bl\u00fctenbesuche (auch die der M\u00e4nnchen) sind so rasant, dass man gro\u00dfe M\u00fche hat mit dem Fotografieren.<\/figcaption><\/figure>\n\n\n\n<figure class=\"wp-block-image size-large\"><img loading=\"lazy\" decoding=\"async\" width=\"1024\" height=\"577\" src=\"https:\/\/schreck-aus-schroeck.de\/wp-content\/uploads\/2020\/08\/2020.07.23_Blutweiderich-Langhornbiene_RMS_201702-2-1024x577.jpg\" alt=\"\" class=\"wp-image-5413\" srcset=\"https:\/\/schreck-aus-schroeck.de\/wp-content\/uploads\/2020\/08\/2020.07.23_Blutweiderich-Langhornbiene_RMS_201702-2-1024x577.jpg 1024w, https:\/\/schreck-aus-schroeck.de\/wp-content\/uploads\/2020\/08\/2020.07.23_Blutweiderich-Langhornbiene_RMS_201702-2-300x169.jpg 300w, https:\/\/schreck-aus-schroeck.de\/wp-content\/uploads\/2020\/08\/2020.07.23_Blutweiderich-Langhornbiene_RMS_201702-2-768x432.jpg 768w, https:\/\/schreck-aus-schroeck.de\/wp-content\/uploads\/2020\/08\/2020.07.23_Blutweiderich-Langhornbiene_RMS_201702-2-1536x865.jpg 1536w, https:\/\/schreck-aus-schroeck.de\/wp-content\/uploads\/2020\/08\/2020.07.23_Blutweiderich-Langhornbiene_RMS_201702-2-2048x1153.jpg 2048w\" sizes=\"auto, (max-width: 1024px) 100vw, 1024px\" \/><figcaption>Ein Weibchen bei der Nektarernte.<\/figcaption><\/figure>\n\n\n\n<figure class=\"wp-block-image size-large\"><img loading=\"lazy\" decoding=\"async\" width=\"1024\" height=\"576\" src=\"https:\/\/schreck-aus-schroeck.de\/wp-content\/uploads\/2020\/08\/2020.07.23_Blutweiderich-Langhornbiene_RMS_201782-2-1024x576.jpg\" alt=\"\" class=\"wp-image-5414\" srcset=\"https:\/\/schreck-aus-schroeck.de\/wp-content\/uploads\/2020\/08\/2020.07.23_Blutweiderich-Langhornbiene_RMS_201782-2-1024x576.jpg 1024w, https:\/\/schreck-aus-schroeck.de\/wp-content\/uploads\/2020\/08\/2020.07.23_Blutweiderich-Langhornbiene_RMS_201782-2-300x169.jpg 300w, https:\/\/schreck-aus-schroeck.de\/wp-content\/uploads\/2020\/08\/2020.07.23_Blutweiderich-Langhornbiene_RMS_201782-2-768x432.jpg 768w, https:\/\/schreck-aus-schroeck.de\/wp-content\/uploads\/2020\/08\/2020.07.23_Blutweiderich-Langhornbiene_RMS_201782-2-1536x865.jpg 1536w, https:\/\/schreck-aus-schroeck.de\/wp-content\/uploads\/2020\/08\/2020.07.23_Blutweiderich-Langhornbiene_RMS_201782-2-2048x1153.jpg 2048w\" sizes=\"auto, (max-width: 1024px) 100vw, 1024px\" \/><figcaption>Und hier bei der K\u00f6rperpflege auf einem Blatt.<\/figcaption><\/figure>\n\n\n\n<figure class=\"wp-block-image size-large\"><img loading=\"lazy\" decoding=\"async\" width=\"1024\" height=\"576\" src=\"https:\/\/schreck-aus-schroeck.de\/wp-content\/uploads\/2020\/08\/2020.08.03_Blutweiderich-am-Alten-Hafen_RMS_211238-2-1024x576.jpg\" alt=\"\" class=\"wp-image-5415\" srcset=\"https:\/\/schreck-aus-schroeck.de\/wp-content\/uploads\/2020\/08\/2020.08.03_Blutweiderich-am-Alten-Hafen_RMS_211238-2-1024x576.jpg 1024w, https:\/\/schreck-aus-schroeck.de\/wp-content\/uploads\/2020\/08\/2020.08.03_Blutweiderich-am-Alten-Hafen_RMS_211238-2-300x169.jpg 300w, https:\/\/schreck-aus-schroeck.de\/wp-content\/uploads\/2020\/08\/2020.08.03_Blutweiderich-am-Alten-Hafen_RMS_211238-2-768x432.jpg 768w, https:\/\/schreck-aus-schroeck.de\/wp-content\/uploads\/2020\/08\/2020.08.03_Blutweiderich-am-Alten-Hafen_RMS_211238-2-1536x864.jpg 1536w, https:\/\/schreck-aus-schroeck.de\/wp-content\/uploads\/2020\/08\/2020.08.03_Blutweiderich-am-Alten-Hafen_RMS_211238-2-2048x1153.jpg 2048w\" sizes=\"auto, (max-width: 1024px) 100vw, 1024px\" \/><figcaption>Den Blutweiderich treffen wir h\u00e4ufig an Uferb\u00f6schungen, Gr\u00e4ben und D\u00e4mmen.<\/figcaption><\/figure>\n\n\n\n<figure class=\"wp-block-image size-large\"><img loading=\"lazy\" decoding=\"async\" width=\"1024\" height=\"576\" src=\"https:\/\/schreck-aus-schroeck.de\/wp-content\/uploads\/2020\/08\/2020.08.03_Blutweiderich-am-Alten-Hafen_RMS_211242-2-1024x576.jpg\" alt=\"\" class=\"wp-image-5416\" srcset=\"https:\/\/schreck-aus-schroeck.de\/wp-content\/uploads\/2020\/08\/2020.08.03_Blutweiderich-am-Alten-Hafen_RMS_211242-2-1024x576.jpg 1024w, https:\/\/schreck-aus-schroeck.de\/wp-content\/uploads\/2020\/08\/2020.08.03_Blutweiderich-am-Alten-Hafen_RMS_211242-2-300x169.jpg 300w, https:\/\/schreck-aus-schroeck.de\/wp-content\/uploads\/2020\/08\/2020.08.03_Blutweiderich-am-Alten-Hafen_RMS_211242-2-768x432.jpg 768w, https:\/\/schreck-aus-schroeck.de\/wp-content\/uploads\/2020\/08\/2020.08.03_Blutweiderich-am-Alten-Hafen_RMS_211242-2-1536x865.jpg 1536w, https:\/\/schreck-aus-schroeck.de\/wp-content\/uploads\/2020\/08\/2020.08.03_Blutweiderich-am-Alten-Hafen_RMS_211242-2-2048x1153.jpg 2048w\" sizes=\"auto, (max-width: 1024px) 100vw, 1024px\" \/><figcaption>Auch beim Alten Hafen in Schr\u00f6ck ist er zu finden. Die zahlreichen Bl\u00fcten, sowie die lange Bl\u00fchdauer macht sie so wichtig f\u00fcr zahlreiche andere Insekten.<\/figcaption><\/figure>\n\n\n\n<figure class=\"wp-block-image size-large\"><img loading=\"lazy\" decoding=\"async\" width=\"1024\" height=\"576\" src=\"https:\/\/schreck-aus-schroeck.de\/wp-content\/uploads\/2020\/08\/2020.07.19_Blaue-Holzbiene-Blutweiderich_RMS_198042-2-1024x576.jpg\" alt=\"\" class=\"wp-image-5417\" srcset=\"https:\/\/schreck-aus-schroeck.de\/wp-content\/uploads\/2020\/08\/2020.07.19_Blaue-Holzbiene-Blutweiderich_RMS_198042-2-1024x576.jpg 1024w, https:\/\/schreck-aus-schroeck.de\/wp-content\/uploads\/2020\/08\/2020.07.19_Blaue-Holzbiene-Blutweiderich_RMS_198042-2-300x169.jpg 300w, https:\/\/schreck-aus-schroeck.de\/wp-content\/uploads\/2020\/08\/2020.07.19_Blaue-Holzbiene-Blutweiderich_RMS_198042-2-768x432.jpg 768w, https:\/\/schreck-aus-schroeck.de\/wp-content\/uploads\/2020\/08\/2020.07.19_Blaue-Holzbiene-Blutweiderich_RMS_198042-2-1536x864.jpg 1536w, https:\/\/schreck-aus-schroeck.de\/wp-content\/uploads\/2020\/08\/2020.07.19_Blaue-Holzbiene-Blutweiderich_RMS_198042-2-2048x1153.jpg 2048w\" sizes=\"auto, (max-width: 1024px) 100vw, 1024px\" \/><figcaption>Die Blaue Holzbiene findet sich ein,<\/figcaption><\/figure>\n\n\n\n<figure class=\"wp-block-image size-large\"><img loading=\"lazy\" decoding=\"async\" width=\"1024\" height=\"1024\" src=\"https:\/\/schreck-aus-schroeck.de\/wp-content\/uploads\/2020\/08\/2020.07.19_Hummel-Assel-Blutweiderich_RMS_197880-2-1024x1024.jpg\" alt=\"\" class=\"wp-image-5418\" srcset=\"https:\/\/schreck-aus-schroeck.de\/wp-content\/uploads\/2020\/08\/2020.07.19_Hummel-Assel-Blutweiderich_RMS_197880-2-1024x1024.jpg 1024w, https:\/\/schreck-aus-schroeck.de\/wp-content\/uploads\/2020\/08\/2020.07.19_Hummel-Assel-Blutweiderich_RMS_197880-2-300x300.jpg 300w, https:\/\/schreck-aus-schroeck.de\/wp-content\/uploads\/2020\/08\/2020.07.19_Hummel-Assel-Blutweiderich_RMS_197880-2-150x150.jpg 150w, https:\/\/schreck-aus-schroeck.de\/wp-content\/uploads\/2020\/08\/2020.07.19_Hummel-Assel-Blutweiderich_RMS_197880-2-768x768.jpg 768w, https:\/\/schreck-aus-schroeck.de\/wp-content\/uploads\/2020\/08\/2020.07.19_Hummel-Assel-Blutweiderich_RMS_197880-2-1536x1536.jpg 1536w, https:\/\/schreck-aus-schroeck.de\/wp-content\/uploads\/2020\/08\/2020.07.19_Hummel-Assel-Blutweiderich_RMS_197880-2-2048x2048.jpg 2048w, https:\/\/schreck-aus-schroeck.de\/wp-content\/uploads\/2020\/08\/2020.07.19_Hummel-Assel-Blutweiderich_RMS_197880-2-800x800.jpg 800w, https:\/\/schreck-aus-schroeck.de\/wp-content\/uploads\/2020\/08\/2020.07.19_Hummel-Assel-Blutweiderich_RMS_197880-2-50x50.jpg 50w\" sizes=\"auto, (max-width: 1024px) 100vw, 1024px\" \/><figcaption>auch Hummel und Assel kommen auf ihre Kosten.<\/figcaption><\/figure>\n\n\n\n<figure class=\"wp-block-image size-large\"><img loading=\"lazy\" decoding=\"async\" width=\"576\" height=\"1024\" src=\"https:\/\/schreck-aus-schroeck.de\/wp-content\/uploads\/2020\/08\/2020.08.01_Blutweiderich-und-Garten-Wollbiene_RMS_208927-2.jpg-576x1024.jpg\" alt=\"\" class=\"wp-image-5419\" srcset=\"https:\/\/schreck-aus-schroeck.de\/wp-content\/uploads\/2020\/08\/2020.08.01_Blutweiderich-und-Garten-Wollbiene_RMS_208927-2.jpg-576x1024.jpg 576w, https:\/\/schreck-aus-schroeck.de\/wp-content\/uploads\/2020\/08\/2020.08.01_Blutweiderich-und-Garten-Wollbiene_RMS_208927-2.jpg-169x300.jpg 169w, https:\/\/schreck-aus-schroeck.de\/wp-content\/uploads\/2020\/08\/2020.08.01_Blutweiderich-und-Garten-Wollbiene_RMS_208927-2.jpg-768x1364.jpg 768w, https:\/\/schreck-aus-schroeck.de\/wp-content\/uploads\/2020\/08\/2020.08.01_Blutweiderich-und-Garten-Wollbiene_RMS_208927-2.jpg-865x1536.jpg 865w, https:\/\/schreck-aus-schroeck.de\/wp-content\/uploads\/2020\/08\/2020.08.01_Blutweiderich-und-Garten-Wollbiene_RMS_208927-2.jpg-1153x2048.jpg 1153w, https:\/\/schreck-aus-schroeck.de\/wp-content\/uploads\/2020\/08\/2020.08.01_Blutweiderich-und-Garten-Wollbiene_RMS_208927-2.jpg-scaled.jpg 1441w\" sizes=\"auto, (max-width: 576px) 100vw, 576px\" \/><figcaption>Hier ist es eine Garten Wollbiene.<\/figcaption><\/figure>\n\n\n\n<figure class=\"wp-block-image size-large\"><img loading=\"lazy\" decoding=\"async\" width=\"1024\" height=\"768\" src=\"https:\/\/schreck-aus-schroeck.de\/wp-content\/uploads\/2020\/08\/2008.06.24_Faulbaum-Bl\u00e4uling-Eiablage_P1290788-1024x768.jpg\" alt=\"\" class=\"wp-image-5420\" srcset=\"https:\/\/schreck-aus-schroeck.de\/wp-content\/uploads\/2020\/08\/2008.06.24_Faulbaum-Bl\u00e4uling-Eiablage_P1290788-1024x768.jpg 1024w, https:\/\/schreck-aus-schroeck.de\/wp-content\/uploads\/2020\/08\/2008.06.24_Faulbaum-Bl\u00e4uling-Eiablage_P1290788-300x225.jpg 300w, https:\/\/schreck-aus-schroeck.de\/wp-content\/uploads\/2020\/08\/2008.06.24_Faulbaum-Bl\u00e4uling-Eiablage_P1290788-768x576.jpg 768w, https:\/\/schreck-aus-schroeck.de\/wp-content\/uploads\/2020\/08\/2008.06.24_Faulbaum-Bl\u00e4uling-Eiablage_P1290788-1536x1152.jpg 1536w, https:\/\/schreck-aus-schroeck.de\/wp-content\/uploads\/2020\/08\/2008.06.24_Faulbaum-Bl\u00e4uling-Eiablage_P1290788-2048x1536.jpg 2048w, https:\/\/schreck-aus-schroeck.de\/wp-content\/uploads\/2020\/08\/2008.06.24_Faulbaum-Bl\u00e4uling-Eiablage_P1290788-800x600.jpg 800w\" sizes=\"auto, (max-width: 1024px) 100vw, 1024px\" \/><figcaption>24.06.2008 &#8211; Oft sehen wir nur die Bl\u00fcten unserer Pflanzen. Mindestens genauso wichtig ist allerdings die Funktion als Futterpflanze f\u00fcr die Raupen vieler Schmetterlinge. Hier sehen wir einen Faulbaum Bl\u00e4uling bei der Eiablage an einem Blutweiderich. <\/figcaption><\/figure>\n\n\n\n<figure class=\"wp-block-image size-large\"><img loading=\"lazy\" decoding=\"async\" width=\"1024\" height=\"768\" src=\"https:\/\/schreck-aus-schroeck.de\/wp-content\/uploads\/2020\/08\/2009.07.19_Faulbaum-Bl\u00e4uling-Eiablage_IMG_5820-1024x768.jpg\" alt=\"\" class=\"wp-image-5421\" srcset=\"https:\/\/schreck-aus-schroeck.de\/wp-content\/uploads\/2020\/08\/2009.07.19_Faulbaum-Bl\u00e4uling-Eiablage_IMG_5820-1024x768.jpg 1024w, https:\/\/schreck-aus-schroeck.de\/wp-content\/uploads\/2020\/08\/2009.07.19_Faulbaum-Bl\u00e4uling-Eiablage_IMG_5820-300x225.jpg 300w, https:\/\/schreck-aus-schroeck.de\/wp-content\/uploads\/2020\/08\/2009.07.19_Faulbaum-Bl\u00e4uling-Eiablage_IMG_5820-768x576.jpg 768w, https:\/\/schreck-aus-schroeck.de\/wp-content\/uploads\/2020\/08\/2009.07.19_Faulbaum-Bl\u00e4uling-Eiablage_IMG_5820-1536x1152.jpg 1536w, https:\/\/schreck-aus-schroeck.de\/wp-content\/uploads\/2020\/08\/2009.07.19_Faulbaum-Bl\u00e4uling-Eiablage_IMG_5820-2048x1536.jpg 2048w, https:\/\/schreck-aus-schroeck.de\/wp-content\/uploads\/2020\/08\/2009.07.19_Faulbaum-Bl\u00e4uling-Eiablage_IMG_5820-800x600.jpg 800w\" sizes=\"auto, (max-width: 1024px) 100vw, 1024px\" \/><figcaption>19.07.2009 &#8211; Sobald die Bl\u00fctezeit der Weideriche beginnt, beobachten wir auch die Faulbaum Bl\u00e4ulinge im Garten. <\/figcaption><\/figure>\n\n\n\n<figure class=\"wp-block-image size-large\"><img loading=\"lazy\" decoding=\"async\" width=\"1024\" height=\"576\" src=\"https:\/\/schreck-aus-schroeck.de\/wp-content\/uploads\/2020\/08\/2020.08.01_Blutweiderich-und-Faulbaum-Bl\u00e4uling_RMS_208939-2.jpg-1024x576.jpg\" alt=\"\" class=\"wp-image-5422\" srcset=\"https:\/\/schreck-aus-schroeck.de\/wp-content\/uploads\/2020\/08\/2020.08.01_Blutweiderich-und-Faulbaum-Bl\u00e4uling_RMS_208939-2.jpg-1024x576.jpg 1024w, https:\/\/schreck-aus-schroeck.de\/wp-content\/uploads\/2020\/08\/2020.08.01_Blutweiderich-und-Faulbaum-Bl\u00e4uling_RMS_208939-2.jpg-300x169.jpg 300w, https:\/\/schreck-aus-schroeck.de\/wp-content\/uploads\/2020\/08\/2020.08.01_Blutweiderich-und-Faulbaum-Bl\u00e4uling_RMS_208939-2.jpg-768x432.jpg 768w, https:\/\/schreck-aus-schroeck.de\/wp-content\/uploads\/2020\/08\/2020.08.01_Blutweiderich-und-Faulbaum-Bl\u00e4uling_RMS_208939-2.jpg-1536x864.jpg 1536w, https:\/\/schreck-aus-schroeck.de\/wp-content\/uploads\/2020\/08\/2020.08.01_Blutweiderich-und-Faulbaum-Bl\u00e4uling_RMS_208939-2.jpg-2048x1152.jpg 2048w\" sizes=\"auto, (max-width: 1024px) 100vw, 1024px\" \/><figcaption>01.08.2020 &#8211; Diese Bl\u00e4ulinge sind zuverl\u00e4ssige G\u00e4ste in unserem Garten. Das beweisen auch die Aufzeichnungen, die wir im Rahmen des Tagfalter Monitorings erstellen.<\/figcaption><\/figure>\n\n\n\n<figure class=\"wp-block-image size-large\"><img loading=\"lazy\" decoding=\"async\" width=\"1024\" height=\"683\" src=\"https:\/\/schreck-aus-schroeck.de\/wp-content\/uploads\/2020\/08\/2019.06.02_Schottergarten-Leo-RMS_094950-2-1024x683.jpg\" alt=\"\" class=\"wp-image-5425\" srcset=\"https:\/\/schreck-aus-schroeck.de\/wp-content\/uploads\/2020\/08\/2019.06.02_Schottergarten-Leo-RMS_094950-2-1024x683.jpg 1024w, https:\/\/schreck-aus-schroeck.de\/wp-content\/uploads\/2020\/08\/2019.06.02_Schottergarten-Leo-RMS_094950-2-300x200.jpg 300w, https:\/\/schreck-aus-schroeck.de\/wp-content\/uploads\/2020\/08\/2019.06.02_Schottergarten-Leo-RMS_094950-2-768x512.jpg 768w, https:\/\/schreck-aus-schroeck.de\/wp-content\/uploads\/2020\/08\/2019.06.02_Schottergarten-Leo-RMS_094950-2-1536x1024.jpg 1536w, https:\/\/schreck-aus-schroeck.de\/wp-content\/uploads\/2020\/08\/2019.06.02_Schottergarten-Leo-RMS_094950-2-2048x1365.jpg 2048w\" sizes=\"auto, (max-width: 1024px) 100vw, 1024px\" \/><figcaption>In solchen Pseudog\u00e4rten verlieren sich keine Wildbienen. Diese Fl\u00e4chen sind allenfalls Beispiele zum pers\u00f6nlichen Erfahren der Klimaerw\u00e4rmung. Vergangene Woche hatten wir 37 Grad im Schatten. Dort wurden 58 Grad gemessen! Solche Schandflecken wurden verboten und die Vorgarten Polizei wird sich um die Umsetzung k\u00fcmmern. Mit Artenvielfalt haben diese G\u00e4rten des Grauens nichts zu tun. Sagt die Wildbiene.<\/figcaption><\/figure>\n\n\n\n<p>Ralf Schreck &#8211; Wildbienen Freund<\/p>\n","protected":false},"excerpt":{"rendered":"<p>Eucera salicariae Ralf Schreck &#8211; Wildbienen Freund<\/p>\n","protected":false},"author":1,"featured_media":5405,"comment_status":"open","ping_status":"open","sticky":false,"template":"","format":"standard","meta":{"_monsterinsights_skip_tracking":false,"_monsterinsights_sitenote_active":false,"_monsterinsights_sitenote_note":"","_monsterinsights_sitenote_category":0,"jetpack_post_was_ever_published":false,"_jetpack_newsletter_access":"","_jetpack_dont_email_post_to_subs":false,"_jetpack_newsletter_tier_id":0,"_jetpack_memberships_contains_paywalled_content":false,"_jetpack_memberships_contains_paid_content":false,"footnotes":"","jetpack_publicize_message":"","jetpack_publicize_feature_enabled":true,"jetpack_social_post_already_shared":true,"jetpack_social_options":{"image_generator_settings":{"template":"highway","default_image_id":0,"font":"","enabled":false},"version":2}},"categories":[110],"tags":[],"class_list":["post-5404","post","type-post","status-publish","format-standard","has-post-thumbnail","hentry","category-wildbienen"],"jetpack_publicize_connections":[],"jetpack_featured_media_url":"https:\/\/schreck-aus-schroeck.de\/wp-content\/uploads\/2020\/08\/2020.07.26_Blutweiderich-Langhornbiene_RMS_204807-3.jpg","jetpack_sharing_enabled":true,"jetpack_shortlink":"https:\/\/wp.me\/p5EXXX-1pa","jetpack_likes_enabled":true,"_links":{"self":[{"href":"https:\/\/schreck-aus-schroeck.de\/index.php?rest_route=\/wp\/v2\/posts\/5404","targetHints":{"allow":["GET"]}}],"collection":[{"href":"https:\/\/schreck-aus-schroeck.de\/index.php?rest_route=\/wp\/v2\/posts"}],"about":[{"href":"https:\/\/schreck-aus-schroeck.de\/index.php?rest_route=\/wp\/v2\/types\/post"}],"author":[{"embeddable":true,"href":"https:\/\/schreck-aus-schroeck.de\/index.php?rest_route=\/wp\/v2\/users\/1"}],"replies":[{"embeddable":true,"href":"https:\/\/schreck-aus-schroeck.de\/index.php?rest_route=%2Fwp%2Fv2%2Fcomments&post=5404"}],"version-history":[{"count":4,"href":"https:\/\/schreck-aus-schroeck.de\/index.php?rest_route=\/wp\/v2\/posts\/5404\/revisions"}],"predecessor-version":[{"id":5427,"href":"https:\/\/schreck-aus-schroeck.de\/index.php?rest_route=\/wp\/v2\/posts\/5404\/revisions\/5427"}],"wp:featuredmedia":[{"embeddable":true,"href":"https:\/\/schreck-aus-schroeck.de\/index.php?rest_route=\/wp\/v2\/media\/5405"}],"wp:attachment":[{"href":"https:\/\/schreck-aus-schroeck.de\/index.php?rest_route=%2Fwp%2Fv2%2Fmedia&parent=5404"}],"wp:term":[{"taxonomy":"category","embeddable":true,"href":"https:\/\/schreck-aus-schroeck.de\/index.php?rest_route=%2Fwp%2Fv2%2Fcategories&post=5404"},{"taxonomy":"post_tag","embeddable":true,"href":"https:\/\/schreck-aus-schroeck.de\/index.php?rest_route=%2Fwp%2Fv2%2Ftags&post=5404"}],"curies":[{"name":"wp","href":"https:\/\/api.w.org\/{rel}","templated":true}]}}