{"id":5430,"date":"2020-08-07T08:15:10","date_gmt":"2020-08-07T08:15:10","guid":{"rendered":"https:\/\/schreck-aus-schroeck.de\/?p=5430"},"modified":"2020-08-08T17:59:19","modified_gmt":"2020-08-08T17:59:19","slug":"garten-wollbiene","status":"publish","type":"post","link":"https:\/\/schreck-aus-schroeck.de\/?p=5430","title":{"rendered":"Garten-Wollbiene"},"content":{"rendered":"\n<p>Anthidium manicatum<\/p>\n\n\n\n<figure class=\"wp-block-image size-full\"><img loading=\"lazy\" decoding=\"async\" width=\"1739\" height=\"1739\" src=\"https:\/\/schreck-aus-schroeck.de\/wp-content\/uploads\/2020\/08\/2011.07.09_Wollbiene_RMS_5-2.jpg\" alt=\"\" class=\"wp-image-5432\" srcset=\"https:\/\/schreck-aus-schroeck.de\/wp-content\/uploads\/2020\/08\/2011.07.09_Wollbiene_RMS_5-2.jpg 1739w, https:\/\/schreck-aus-schroeck.de\/wp-content\/uploads\/2020\/08\/2011.07.09_Wollbiene_RMS_5-2-300x300.jpg 300w, https:\/\/schreck-aus-schroeck.de\/wp-content\/uploads\/2020\/08\/2011.07.09_Wollbiene_RMS_5-2-1024x1024.jpg 1024w, https:\/\/schreck-aus-schroeck.de\/wp-content\/uploads\/2020\/08\/2011.07.09_Wollbiene_RMS_5-2-150x150.jpg 150w, https:\/\/schreck-aus-schroeck.de\/wp-content\/uploads\/2020\/08\/2011.07.09_Wollbiene_RMS_5-2-768x768.jpg 768w, https:\/\/schreck-aus-schroeck.de\/wp-content\/uploads\/2020\/08\/2011.07.09_Wollbiene_RMS_5-2-1536x1536.jpg 1536w, https:\/\/schreck-aus-schroeck.de\/wp-content\/uploads\/2020\/08\/2011.07.09_Wollbiene_RMS_5-2-800x800.jpg 800w, https:\/\/schreck-aus-schroeck.de\/wp-content\/uploads\/2020\/08\/2011.07.09_Wollbiene_RMS_5-2-50x50.jpg 50w\" sizes=\"auto, (max-width: 1739px) 100vw, 1739px\" \/><figcaption>Die Garten-Wollbiene sieht aufgrund der gelbschwarzen Zeichnung wie eine Wespe aus. Dadurch signalisiert sie &#8220;Gef\u00e4hrlichkeit&#8221;. Sie kann zwar stechen, ist jedoch gegen\u00fcber Menschen friedfertig. Wie die bereits beschriebenen Wildbienen lebt sie einzeln, solit\u00e4r. Hier sehen wir ein M\u00e4nnchen. 09.07.2011<\/figcaption><\/figure>\n\n\n\n<figure class=\"wp-block-image size-full\"><img loading=\"lazy\" decoding=\"async\" width=\"2560\" height=\"2560\" src=\"https:\/\/schreck-aus-schroeck.de\/wp-content\/uploads\/2020\/08\/2019.06.21_Wollbiene-M\u00e4nnchen_RMS_099488-scaled.jpg\" alt=\"\" class=\"wp-image-5433\" srcset=\"https:\/\/schreck-aus-schroeck.de\/wp-content\/uploads\/2020\/08\/2019.06.21_Wollbiene-M\u00e4nnchen_RMS_099488-scaled.jpg 2560w, https:\/\/schreck-aus-schroeck.de\/wp-content\/uploads\/2020\/08\/2019.06.21_Wollbiene-M\u00e4nnchen_RMS_099488-300x300.jpg 300w, https:\/\/schreck-aus-schroeck.de\/wp-content\/uploads\/2020\/08\/2019.06.21_Wollbiene-M\u00e4nnchen_RMS_099488-1024x1024.jpg 1024w, https:\/\/schreck-aus-schroeck.de\/wp-content\/uploads\/2020\/08\/2019.06.21_Wollbiene-M\u00e4nnchen_RMS_099488-150x150.jpg 150w, https:\/\/schreck-aus-schroeck.de\/wp-content\/uploads\/2020\/08\/2019.06.21_Wollbiene-M\u00e4nnchen_RMS_099488-768x768.jpg 768w, https:\/\/schreck-aus-schroeck.de\/wp-content\/uploads\/2020\/08\/2019.06.21_Wollbiene-M\u00e4nnchen_RMS_099488-1536x1536.jpg 1536w, https:\/\/schreck-aus-schroeck.de\/wp-content\/uploads\/2020\/08\/2019.06.21_Wollbiene-M\u00e4nnchen_RMS_099488-2048x2048.jpg 2048w, https:\/\/schreck-aus-schroeck.de\/wp-content\/uploads\/2020\/08\/2019.06.21_Wollbiene-M\u00e4nnchen_RMS_099488-800x800.jpg 800w, https:\/\/schreck-aus-schroeck.de\/wp-content\/uploads\/2020\/08\/2019.06.21_Wollbiene-M\u00e4nnchen_RMS_099488-50x50.jpg 50w\" sizes=\"auto, (max-width: 2560px) 100vw, 2560px\" \/><figcaption>21.06.2019 &#8211; Die M\u00e4nnchen besitzen gegen\u00fcber anderen Insekten eine gewisse Aggresivit\u00e4t, die sie jedoch nicht mit dem Stachel aus\u00fcben, denn sie haben keinen. Statt dessen setzen sie ihre drei Sporne zum Anrempeln ein, die am Hinterleib sitzen. Auf diesem Bild kann man die drei Zacken erkennen.  Und beim folgenden ist es noch besser zu sehen.<\/figcaption><\/figure>\n\n\n\n<figure class=\"wp-block-image size-full\"><img loading=\"lazy\" decoding=\"async\" width=\"1310\" height=\"701\" src=\"https:\/\/schreck-aus-schroeck.de\/wp-content\/uploads\/2020\/08\/Anthidium-manicatum-Gro\u00dfe-Wollbiene-m.-Endsegment-eines-M\u00e4nnchens-mit-schwarzem-Dreizack-EGG-LEO-06.09.2018-home-3.jpg\" alt=\"\" class=\"wp-image-5509\" srcset=\"https:\/\/schreck-aus-schroeck.de\/wp-content\/uploads\/2020\/08\/Anthidium-manicatum-Gro\u00dfe-Wollbiene-m.-Endsegment-eines-M\u00e4nnchens-mit-schwarzem-Dreizack-EGG-LEO-06.09.2018-home-3.jpg 1310w, https:\/\/schreck-aus-schroeck.de\/wp-content\/uploads\/2020\/08\/Anthidium-manicatum-Gro\u00dfe-Wollbiene-m.-Endsegment-eines-M\u00e4nnchens-mit-schwarzem-Dreizack-EGG-LEO-06.09.2018-home-3-300x161.jpg 300w, https:\/\/schreck-aus-schroeck.de\/wp-content\/uploads\/2020\/08\/Anthidium-manicatum-Gro\u00dfe-Wollbiene-m.-Endsegment-eines-M\u00e4nnchens-mit-schwarzem-Dreizack-EGG-LEO-06.09.2018-home-3-1024x548.jpg 1024w, https:\/\/schreck-aus-schroeck.de\/wp-content\/uploads\/2020\/08\/Anthidium-manicatum-Gro\u00dfe-Wollbiene-m.-Endsegment-eines-M\u00e4nnchens-mit-schwarzem-Dreizack-EGG-LEO-06.09.2018-home-3-768x411.jpg 768w\" sizes=\"auto, (max-width: 1310px) 100vw, 1310px\" \/><figcaption>Anthidium manicatum (Gro\u00dfe Wollbiene m. &#8211; Endsegment mit schwarzem Dreizack) &#8211; EGG-LEO 06.09.2018 &#8211; home<br>Foto von Dr. Holger Selisky<\/figcaption><\/figure>\n\n\n\n<figure class=\"wp-block-image size-full\"><img loading=\"lazy\" decoding=\"async\" width=\"1112\" height=\"1057\" src=\"https:\/\/schreck-aus-schroeck.de\/wp-content\/uploads\/2020\/08\/Anthidium-manicatum-Gro\u00dfe-Wollbiene-m.-etwas-l\u00e4diert-EGG-LEO-06.09.2018-home-1.jpg\" alt=\"\" class=\"wp-image-5511\" srcset=\"https:\/\/schreck-aus-schroeck.de\/wp-content\/uploads\/2020\/08\/Anthidium-manicatum-Gro\u00dfe-Wollbiene-m.-etwas-l\u00e4diert-EGG-LEO-06.09.2018-home-1.jpg 1112w, https:\/\/schreck-aus-schroeck.de\/wp-content\/uploads\/2020\/08\/Anthidium-manicatum-Gro\u00dfe-Wollbiene-m.-etwas-l\u00e4diert-EGG-LEO-06.09.2018-home-1-300x285.jpg 300w, https:\/\/schreck-aus-schroeck.de\/wp-content\/uploads\/2020\/08\/Anthidium-manicatum-Gro\u00dfe-Wollbiene-m.-etwas-l\u00e4diert-EGG-LEO-06.09.2018-home-1-1024x973.jpg 1024w, https:\/\/schreck-aus-schroeck.de\/wp-content\/uploads\/2020\/08\/Anthidium-manicatum-Gro\u00dfe-Wollbiene-m.-etwas-l\u00e4diert-EGG-LEO-06.09.2018-home-1-768x730.jpg 768w\" sizes=\"auto, (max-width: 1112px) 100vw, 1112px\" \/><figcaption>Anthidium manicatum (Gro\u00dfe Wollbiene m.) &#8211; EGG-LEO 06.09.2018 &#8211; home<br>Eindrucksvolle Nahaufnahme von Dr. Holger Selisky.<\/figcaption><\/figure>\n\n\n\n<figure class=\"wp-block-image size-full\"><img loading=\"lazy\" decoding=\"async\" width=\"2560\" height=\"1441\" src=\"https:\/\/schreck-aus-schroeck.de\/wp-content\/uploads\/2020\/08\/2014.06.22_Wollbiene-M\u00e4nnchen_RMS2-scaled.jpg\" alt=\"\" class=\"wp-image-5434\" srcset=\"https:\/\/schreck-aus-schroeck.de\/wp-content\/uploads\/2020\/08\/2014.06.22_Wollbiene-M\u00e4nnchen_RMS2-scaled.jpg 2560w, https:\/\/schreck-aus-schroeck.de\/wp-content\/uploads\/2020\/08\/2014.06.22_Wollbiene-M\u00e4nnchen_RMS2-300x169.jpg 300w, https:\/\/schreck-aus-schroeck.de\/wp-content\/uploads\/2020\/08\/2014.06.22_Wollbiene-M\u00e4nnchen_RMS2-1024x576.jpg 1024w, https:\/\/schreck-aus-schroeck.de\/wp-content\/uploads\/2020\/08\/2014.06.22_Wollbiene-M\u00e4nnchen_RMS2-768x432.jpg 768w, https:\/\/schreck-aus-schroeck.de\/wp-content\/uploads\/2020\/08\/2014.06.22_Wollbiene-M\u00e4nnchen_RMS2-1536x864.jpg 1536w, https:\/\/schreck-aus-schroeck.de\/wp-content\/uploads\/2020\/08\/2014.06.22_Wollbiene-M\u00e4nnchen_RMS2-2048x1152.jpg 2048w\" sizes=\"auto, (max-width: 2560px) 100vw, 2560px\" \/><figcaption>22.06.2014 &#8211; Jedes M\u00e4nnchen beansprucht &#8220;seine&#8221; bevorzugte Pflanze, oft ben\u00f6tigen sie nur einen halben Quadratmeter und vertreiben Konkurrenten, sowie andere und auch viel gr\u00f6\u00dfere Insekten. Wir beobachten die M\u00e4nnchen im Garten an unserer bl\u00fchenden Tripmadam, Sedum reflexum. <\/figcaption><\/figure>\n\n\n\n<figure class=\"wp-block-image size-full\"><img loading=\"lazy\" decoding=\"async\" width=\"2477\" height=\"2477\" src=\"https:\/\/schreck-aus-schroeck.de\/wp-content\/uploads\/2020\/08\/2018.06.20_Wollbiene-rempelt_RMS_031748.jpg\" alt=\"\" class=\"wp-image-5435\" srcset=\"https:\/\/schreck-aus-schroeck.de\/wp-content\/uploads\/2020\/08\/2018.06.20_Wollbiene-rempelt_RMS_031748.jpg 2477w, https:\/\/schreck-aus-schroeck.de\/wp-content\/uploads\/2020\/08\/2018.06.20_Wollbiene-rempelt_RMS_031748-300x300.jpg 300w, https:\/\/schreck-aus-schroeck.de\/wp-content\/uploads\/2020\/08\/2018.06.20_Wollbiene-rempelt_RMS_031748-1024x1024.jpg 1024w, https:\/\/schreck-aus-schroeck.de\/wp-content\/uploads\/2020\/08\/2018.06.20_Wollbiene-rempelt_RMS_031748-150x150.jpg 150w, https:\/\/schreck-aus-schroeck.de\/wp-content\/uploads\/2020\/08\/2018.06.20_Wollbiene-rempelt_RMS_031748-768x768.jpg 768w, https:\/\/schreck-aus-schroeck.de\/wp-content\/uploads\/2020\/08\/2018.06.20_Wollbiene-rempelt_RMS_031748-1536x1536.jpg 1536w, https:\/\/schreck-aus-schroeck.de\/wp-content\/uploads\/2020\/08\/2018.06.20_Wollbiene-rempelt_RMS_031748-2048x2048.jpg 2048w, https:\/\/schreck-aus-schroeck.de\/wp-content\/uploads\/2020\/08\/2018.06.20_Wollbiene-rempelt_RMS_031748-800x800.jpg 800w, https:\/\/schreck-aus-schroeck.de\/wp-content\/uploads\/2020\/08\/2018.06.20_Wollbiene-rempelt_RMS_031748-50x50.jpg 50w\" sizes=\"auto, (max-width: 2477px) 100vw, 2477px\" \/><figcaption>20.06.2018 &#8211; Hier wird eine Sandwespe angegriffen. Es kommt auch vor, dass die angerempelten Insekten verletzt am Boden bleiben und versterben. Es ist ein eindrucksvolles Schauspiel. Wer sich eine Tripmadam in den Garten holt, pflanzt sich automatisch damit auch eine Wollbiene. <\/figcaption><\/figure>\n\n\n\n<figure class=\"wp-block-image size-full\"><img loading=\"lazy\" decoding=\"async\" width=\"2045\" height=\"2045\" src=\"https:\/\/schreck-aus-schroeck.de\/wp-content\/uploads\/2020\/08\/2018.06.20_Wollbiene-rempelt_RMS_031794.jpg\" alt=\"\" class=\"wp-image-5436\" srcset=\"https:\/\/schreck-aus-schroeck.de\/wp-content\/uploads\/2020\/08\/2018.06.20_Wollbiene-rempelt_RMS_031794.jpg 2045w, https:\/\/schreck-aus-schroeck.de\/wp-content\/uploads\/2020\/08\/2018.06.20_Wollbiene-rempelt_RMS_031794-300x300.jpg 300w, https:\/\/schreck-aus-schroeck.de\/wp-content\/uploads\/2020\/08\/2018.06.20_Wollbiene-rempelt_RMS_031794-1024x1024.jpg 1024w, https:\/\/schreck-aus-schroeck.de\/wp-content\/uploads\/2020\/08\/2018.06.20_Wollbiene-rempelt_RMS_031794-150x150.jpg 150w, https:\/\/schreck-aus-schroeck.de\/wp-content\/uploads\/2020\/08\/2018.06.20_Wollbiene-rempelt_RMS_031794-768x768.jpg 768w, https:\/\/schreck-aus-schroeck.de\/wp-content\/uploads\/2020\/08\/2018.06.20_Wollbiene-rempelt_RMS_031794-1536x1536.jpg 1536w, https:\/\/schreck-aus-schroeck.de\/wp-content\/uploads\/2020\/08\/2018.06.20_Wollbiene-rempelt_RMS_031794-800x800.jpg 800w, https:\/\/schreck-aus-schroeck.de\/wp-content\/uploads\/2020\/08\/2018.06.20_Wollbiene-rempelt_RMS_031794-50x50.jpg 50w\" sizes=\"auto, (max-width: 2045px) 100vw, 2045px\" \/><figcaption>Der Rempler war erfolgreich, die Sandwespe st\u00fcrzt r\u00fccklings zu Boden. <\/figcaption><\/figure>\n\n\n\n<figure class=\"wp-block-image size-full\"><img loading=\"lazy\" decoding=\"async\" width=\"2560\" height=\"1440\" src=\"https:\/\/schreck-aus-schroeck.de\/wp-content\/uploads\/2020\/08\/2011.07.09_Wollbiene-Paarung_RMS3-2-scaled.jpg\" alt=\"\" class=\"wp-image-5437\" srcset=\"https:\/\/schreck-aus-schroeck.de\/wp-content\/uploads\/2020\/08\/2011.07.09_Wollbiene-Paarung_RMS3-2-scaled.jpg 2560w, https:\/\/schreck-aus-schroeck.de\/wp-content\/uploads\/2020\/08\/2011.07.09_Wollbiene-Paarung_RMS3-2-300x169.jpg 300w, https:\/\/schreck-aus-schroeck.de\/wp-content\/uploads\/2020\/08\/2011.07.09_Wollbiene-Paarung_RMS3-2-1024x576.jpg 1024w, https:\/\/schreck-aus-schroeck.de\/wp-content\/uploads\/2020\/08\/2011.07.09_Wollbiene-Paarung_RMS3-2-768x432.jpg 768w, https:\/\/schreck-aus-schroeck.de\/wp-content\/uploads\/2020\/08\/2011.07.09_Wollbiene-Paarung_RMS3-2-1536x864.jpg 1536w, https:\/\/schreck-aus-schroeck.de\/wp-content\/uploads\/2020\/08\/2011.07.09_Wollbiene-Paarung_RMS3-2-2048x1152.jpg 2048w\" sizes=\"auto, (max-width: 2560px) 100vw, 2560px\" \/><figcaption>09.07.2011 &#8211; Kommt ein Weibchen vorbei, findet sogleich die Paarung statt, oder auch nicht. Das Paarungsverhalten ist komplex, so liest man in der Literatur, dass sich auch bereits begattete Weibchen mehrmals verpaaren.<\/figcaption><\/figure>\n\n\n\n<figure class=\"wp-block-image size-large\"><img loading=\"lazy\" decoding=\"async\" width=\"1024\" height=\"683\" src=\"https:\/\/schreck-aus-schroeck.de\/wp-content\/uploads\/2020\/08\/2019.06.15_Friedhof-Leo-Ziest-Beet_RMS_100712-2-1024x683.jpg\" alt=\"\" class=\"wp-image-5439\" srcset=\"https:\/\/schreck-aus-schroeck.de\/wp-content\/uploads\/2020\/08\/2019.06.15_Friedhof-Leo-Ziest-Beet_RMS_100712-2-1024x683.jpg 1024w, https:\/\/schreck-aus-schroeck.de\/wp-content\/uploads\/2020\/08\/2019.06.15_Friedhof-Leo-Ziest-Beet_RMS_100712-2-300x200.jpg 300w, https:\/\/schreck-aus-schroeck.de\/wp-content\/uploads\/2020\/08\/2019.06.15_Friedhof-Leo-Ziest-Beet_RMS_100712-2-768x512.jpg 768w, https:\/\/schreck-aus-schroeck.de\/wp-content\/uploads\/2020\/08\/2019.06.15_Friedhof-Leo-Ziest-Beet_RMS_100712-2-1536x1024.jpg 1536w, https:\/\/schreck-aus-schroeck.de\/wp-content\/uploads\/2020\/08\/2019.06.15_Friedhof-Leo-Ziest-Beet_RMS_100712-2-2048x1365.jpg 2048w\" sizes=\"auto, (max-width: 1024px) 100vw, 1024px\" \/><figcaption>15.06.2019 &#8211; Nach erfolgreicher Paarung beginnt das Weibchen mit dem interessanten Brutgesch\u00e4ft. Hierzu sammelt sie Nistmaterial aus haarigen Pflenzenteilen wie hier am Wollziest &#8211; Stachys byzantina auf dem Friedhof Leopoldshafen.<\/figcaption><\/figure>\n\n\n\n<figure class=\"wp-block-image size-full\"><img loading=\"lazy\" decoding=\"async\" width=\"2560\" height=\"1440\" src=\"https:\/\/schreck-aus-schroeck.de\/wp-content\/uploads\/2020\/08\/2019.06.25_Wollziest_RMS_100738-2-scaled.jpg\" alt=\"\" class=\"wp-image-5440\" srcset=\"https:\/\/schreck-aus-schroeck.de\/wp-content\/uploads\/2020\/08\/2019.06.25_Wollziest_RMS_100738-2-scaled.jpg 2560w, https:\/\/schreck-aus-schroeck.de\/wp-content\/uploads\/2020\/08\/2019.06.25_Wollziest_RMS_100738-2-300x169.jpg 300w, https:\/\/schreck-aus-schroeck.de\/wp-content\/uploads\/2020\/08\/2019.06.25_Wollziest_RMS_100738-2-1024x576.jpg 1024w, https:\/\/schreck-aus-schroeck.de\/wp-content\/uploads\/2020\/08\/2019.06.25_Wollziest_RMS_100738-2-768x432.jpg 768w, https:\/\/schreck-aus-schroeck.de\/wp-content\/uploads\/2020\/08\/2019.06.25_Wollziest_RMS_100738-2-1536x864.jpg 1536w, https:\/\/schreck-aus-schroeck.de\/wp-content\/uploads\/2020\/08\/2019.06.25_Wollziest_RMS_100738-2-2048x1152.jpg 2048w\" sizes=\"auto, (max-width: 2560px) 100vw, 2560px\" \/><figcaption>Neben dem Ziest werden zur Nektar und Pollenernte auch andere Pflanzen beflogen.<\/figcaption><\/figure>\n\n\n\n<figure class=\"wp-block-image size-full\"><img loading=\"lazy\" decoding=\"async\" width=\"2560\" height=\"1441\" src=\"https:\/\/schreck-aus-schroeck.de\/wp-content\/uploads\/2020\/08\/2020.06.23_Wollbiene-Ziest_RMS_178944-2-scaled.jpg\" alt=\"\" class=\"wp-image-5441\" srcset=\"https:\/\/schreck-aus-schroeck.de\/wp-content\/uploads\/2020\/08\/2020.06.23_Wollbiene-Ziest_RMS_178944-2-scaled.jpg 2560w, https:\/\/schreck-aus-schroeck.de\/wp-content\/uploads\/2020\/08\/2020.06.23_Wollbiene-Ziest_RMS_178944-2-300x169.jpg 300w, https:\/\/schreck-aus-schroeck.de\/wp-content\/uploads\/2020\/08\/2020.06.23_Wollbiene-Ziest_RMS_178944-2-1024x576.jpg 1024w, https:\/\/schreck-aus-schroeck.de\/wp-content\/uploads\/2020\/08\/2020.06.23_Wollbiene-Ziest_RMS_178944-2-768x432.jpg 768w, https:\/\/schreck-aus-schroeck.de\/wp-content\/uploads\/2020\/08\/2020.06.23_Wollbiene-Ziest_RMS_178944-2-1536x865.jpg 1536w, https:\/\/schreck-aus-schroeck.de\/wp-content\/uploads\/2020\/08\/2020.06.23_Wollbiene-Ziest_RMS_178944-2-2048x1153.jpg 2048w\" sizes=\"auto, (max-width: 2560px) 100vw, 2560px\" \/><figcaption>23.06.2020 &#8211; Am Ziest jedoch, kann man die Weibchen beobachten, wie sie meist an der Blattunterseite die wei\u00dfen H\u00e4rchen abraspeln.<\/figcaption><\/figure>\n\n\n\n<figure class=\"wp-block-image size-full\"><img loading=\"lazy\" decoding=\"async\" width=\"2560\" height=\"1441\" src=\"https:\/\/schreck-aus-schroeck.de\/wp-content\/uploads\/2020\/08\/2020.07.11_Wollbiene-raspelt_RMS_192492-3-1-scaled.jpg\" alt=\"\" class=\"wp-image-5442\" srcset=\"https:\/\/schreck-aus-schroeck.de\/wp-content\/uploads\/2020\/08\/2020.07.11_Wollbiene-raspelt_RMS_192492-3-1-scaled.jpg 2560w, https:\/\/schreck-aus-schroeck.de\/wp-content\/uploads\/2020\/08\/2020.07.11_Wollbiene-raspelt_RMS_192492-3-1-300x169.jpg 300w, https:\/\/schreck-aus-schroeck.de\/wp-content\/uploads\/2020\/08\/2020.07.11_Wollbiene-raspelt_RMS_192492-3-1-1024x576.jpg 1024w, https:\/\/schreck-aus-schroeck.de\/wp-content\/uploads\/2020\/08\/2020.07.11_Wollbiene-raspelt_RMS_192492-3-1-768x432.jpg 768w, https:\/\/schreck-aus-schroeck.de\/wp-content\/uploads\/2020\/08\/2020.07.11_Wollbiene-raspelt_RMS_192492-3-1-1536x865.jpg 1536w, https:\/\/schreck-aus-schroeck.de\/wp-content\/uploads\/2020\/08\/2020.07.11_Wollbiene-raspelt_RMS_192492-3-1-2048x1153.jpg 2048w\" sizes=\"auto, (max-width: 2560px) 100vw, 2560px\" \/><figcaption>11.07.2020 &#8211; Die H\u00e4rchen werden zu einer kleinen Kugel geformt und zum Nest geflogen. Besiedelt werden Hohlr\u00e4ume unterschiedlicher Art. In Spalten von Mauerwerk, alter Pfosten und Balken, sowie in morschem Holz wurden die Nester dieser solit\u00e4r lebenden Biene gefunden.<\/figcaption><\/figure>\n\n\n\n<figure class=\"wp-block-image size-full\"><img loading=\"lazy\" decoding=\"async\" width=\"2560\" height=\"1441\" src=\"https:\/\/schreck-aus-schroeck.de\/wp-content\/uploads\/2020\/08\/2020.07.27_Wollbiene-raspelt_RMS_204990-2-scaled.jpg\" alt=\"\" class=\"wp-image-5443\" srcset=\"https:\/\/schreck-aus-schroeck.de\/wp-content\/uploads\/2020\/08\/2020.07.27_Wollbiene-raspelt_RMS_204990-2-scaled.jpg 2560w, https:\/\/schreck-aus-schroeck.de\/wp-content\/uploads\/2020\/08\/2020.07.27_Wollbiene-raspelt_RMS_204990-2-300x169.jpg 300w, https:\/\/schreck-aus-schroeck.de\/wp-content\/uploads\/2020\/08\/2020.07.27_Wollbiene-raspelt_RMS_204990-2-1024x576.jpg 1024w, https:\/\/schreck-aus-schroeck.de\/wp-content\/uploads\/2020\/08\/2020.07.27_Wollbiene-raspelt_RMS_204990-2-768x432.jpg 768w, https:\/\/schreck-aus-schroeck.de\/wp-content\/uploads\/2020\/08\/2020.07.27_Wollbiene-raspelt_RMS_204990-2-1536x865.jpg 1536w, https:\/\/schreck-aus-schroeck.de\/wp-content\/uploads\/2020\/08\/2020.07.27_Wollbiene-raspelt_RMS_204990-2-2048x1153.jpg 2048w\" sizes=\"auto, (max-width: 2560px) 100vw, 2560px\" \/><figcaption>27.07.2020 &#8211; Mit Bienenflei\u00df wird die Arbeit verrichtet. Um diese Schauspiele zu beobachten haben wir den Ziest in unseren Garten gepflanzt. Pflanze einen Ziest und du lockst dir diese Biene in den Garten.<\/figcaption><\/figure>\n\n\n\n<figure class=\"wp-block-image size-full\"><img loading=\"lazy\" decoding=\"async\" width=\"2560\" height=\"1441\" src=\"https:\/\/schreck-aus-schroeck.de\/wp-content\/uploads\/2020\/08\/2020.06.23_Wollbiene-Ziest_RMS_RMS_179011-3-scaled.jpg\" alt=\"\" class=\"wp-image-5444\" srcset=\"https:\/\/schreck-aus-schroeck.de\/wp-content\/uploads\/2020\/08\/2020.06.23_Wollbiene-Ziest_RMS_RMS_179011-3-scaled.jpg 2560w, https:\/\/schreck-aus-schroeck.de\/wp-content\/uploads\/2020\/08\/2020.06.23_Wollbiene-Ziest_RMS_RMS_179011-3-300x169.jpg 300w, https:\/\/schreck-aus-schroeck.de\/wp-content\/uploads\/2020\/08\/2020.06.23_Wollbiene-Ziest_RMS_RMS_179011-3-1024x576.jpg 1024w, https:\/\/schreck-aus-schroeck.de\/wp-content\/uploads\/2020\/08\/2020.06.23_Wollbiene-Ziest_RMS_RMS_179011-3-768x432.jpg 768w, https:\/\/schreck-aus-schroeck.de\/wp-content\/uploads\/2020\/08\/2020.06.23_Wollbiene-Ziest_RMS_RMS_179011-3-1536x864.jpg 1536w, https:\/\/schreck-aus-schroeck.de\/wp-content\/uploads\/2020\/08\/2020.06.23_Wollbiene-Ziest_RMS_RMS_179011-3-2048x1153.jpg 2048w\" sizes=\"auto, (max-width: 2560px) 100vw, 2560px\" \/><figcaption>23.06.2020 &#8211; Die fertige Wollkugel wird zum Nest gebracht. und der besiedelte Hohlraum damit bef\u00fcllt. In die Mitte kommt der Nektar\/Pollenvorrat, der mit einem Ei belegt wird. Um das Ganze zu verkitten kommt auch ein \u00d6l aus Dr\u00fcsensekret der Biene, bzw. von Pflanzen zum Einsatz.<\/figcaption><\/figure>\n\n\n\n<figure class=\"wp-block-image size-full\"><img loading=\"lazy\" decoding=\"async\" width=\"2560\" height=\"2560\" src=\"https:\/\/schreck-aus-schroeck.de\/wp-content\/uploads\/2020\/08\/2018.08.18_Wolllbiene_RMS_043963-2-scaled.jpg\" alt=\"\" class=\"wp-image-5445\" srcset=\"https:\/\/schreck-aus-schroeck.de\/wp-content\/uploads\/2020\/08\/2018.08.18_Wolllbiene_RMS_043963-2-scaled.jpg 2560w, https:\/\/schreck-aus-schroeck.de\/wp-content\/uploads\/2020\/08\/2018.08.18_Wolllbiene_RMS_043963-2-300x300.jpg 300w, https:\/\/schreck-aus-schroeck.de\/wp-content\/uploads\/2020\/08\/2018.08.18_Wolllbiene_RMS_043963-2-1024x1024.jpg 1024w, https:\/\/schreck-aus-schroeck.de\/wp-content\/uploads\/2020\/08\/2018.08.18_Wolllbiene_RMS_043963-2-150x150.jpg 150w, https:\/\/schreck-aus-schroeck.de\/wp-content\/uploads\/2020\/08\/2018.08.18_Wolllbiene_RMS_043963-2-768x768.jpg 768w, https:\/\/schreck-aus-schroeck.de\/wp-content\/uploads\/2020\/08\/2018.08.18_Wolllbiene_RMS_043963-2-1536x1536.jpg 1536w, https:\/\/schreck-aus-schroeck.de\/wp-content\/uploads\/2020\/08\/2018.08.18_Wolllbiene_RMS_043963-2-2048x2048.jpg 2048w, https:\/\/schreck-aus-schroeck.de\/wp-content\/uploads\/2020\/08\/2018.08.18_Wolllbiene_RMS_043963-2-800x800.jpg 800w, https:\/\/schreck-aus-schroeck.de\/wp-content\/uploads\/2020\/08\/2018.08.18_Wolllbiene_RMS_043963-2-50x50.jpg 50w\" sizes=\"auto, (max-width: 2560px) 100vw, 2560px\" \/><figcaption>18.08.2018 &#8211; An vielen Zierpflanzen, hier ist es ein Zierlauch, kann man diese auff\u00e4llige Wildbiene beobachten. Auch andere Arten finden sich ein.<\/figcaption><\/figure>\n\n\n\n<figure class=\"wp-block-image size-full\"><img loading=\"lazy\" decoding=\"async\" width=\"2560\" height=\"1441\" src=\"https:\/\/schreck-aus-schroeck.de\/wp-content\/uploads\/2020\/08\/2020.05.19_Wollbiene-an-Schopflavendel_RMS_169105-2-scaled.jpg\" alt=\"\" class=\"wp-image-5446\" srcset=\"https:\/\/schreck-aus-schroeck.de\/wp-content\/uploads\/2020\/08\/2020.05.19_Wollbiene-an-Schopflavendel_RMS_169105-2-scaled.jpg 2560w, https:\/\/schreck-aus-schroeck.de\/wp-content\/uploads\/2020\/08\/2020.05.19_Wollbiene-an-Schopflavendel_RMS_169105-2-300x169.jpg 300w, https:\/\/schreck-aus-schroeck.de\/wp-content\/uploads\/2020\/08\/2020.05.19_Wollbiene-an-Schopflavendel_RMS_169105-2-1024x576.jpg 1024w, https:\/\/schreck-aus-schroeck.de\/wp-content\/uploads\/2020\/08\/2020.05.19_Wollbiene-an-Schopflavendel_RMS_169105-2-768x432.jpg 768w, https:\/\/schreck-aus-schroeck.de\/wp-content\/uploads\/2020\/08\/2020.05.19_Wollbiene-an-Schopflavendel_RMS_169105-2-1536x865.jpg 1536w, https:\/\/schreck-aus-schroeck.de\/wp-content\/uploads\/2020\/08\/2020.05.19_Wollbiene-an-Schopflavendel_RMS_169105-2-2048x1153.jpg 2048w\" sizes=\"auto, (max-width: 2560px) 100vw, 2560px\" \/><figcaption>19.05.2020 &#8211; Hier ist es ein Schopflavendel &#8211; Lavandula stoechas.<\/figcaption><\/figure>\n\n\n\n<figure class=\"wp-block-image size-full\"><img loading=\"lazy\" decoding=\"async\" width=\"2560\" height=\"1441\" src=\"https:\/\/schreck-aus-schroeck.de\/wp-content\/uploads\/2020\/08\/2020.05.30_Wollbiene-an-Lavendel_RMS_171742-2-scaled.jpg\" alt=\"\" class=\"wp-image-5447\" srcset=\"https:\/\/schreck-aus-schroeck.de\/wp-content\/uploads\/2020\/08\/2020.05.30_Wollbiene-an-Lavendel_RMS_171742-2-scaled.jpg 2560w, https:\/\/schreck-aus-schroeck.de\/wp-content\/uploads\/2020\/08\/2020.05.30_Wollbiene-an-Lavendel_RMS_171742-2-300x169.jpg 300w, https:\/\/schreck-aus-schroeck.de\/wp-content\/uploads\/2020\/08\/2020.05.30_Wollbiene-an-Lavendel_RMS_171742-2-1024x576.jpg 1024w, https:\/\/schreck-aus-schroeck.de\/wp-content\/uploads\/2020\/08\/2020.05.30_Wollbiene-an-Lavendel_RMS_171742-2-768x432.jpg 768w, https:\/\/schreck-aus-schroeck.de\/wp-content\/uploads\/2020\/08\/2020.05.30_Wollbiene-an-Lavendel_RMS_171742-2-1536x865.jpg 1536w, https:\/\/schreck-aus-schroeck.de\/wp-content\/uploads\/2020\/08\/2020.05.30_Wollbiene-an-Lavendel_RMS_171742-2-2048x1153.jpg 2048w\" sizes=\"auto, (max-width: 2560px) 100vw, 2560px\" \/><figcaption>30.05.2020 &#8211; Auch am Lavandula angustifolia ist sie anzutreffen. Wer die bevorzugten Pflanzen im Garten hat, kann sich \u00fcber mehrere Monate an den Bienen erfreuen.<\/figcaption><\/figure>\n\n\n\n<figure class=\"wp-block-image size-large\"><img loading=\"lazy\" decoding=\"async\" width=\"1024\" height=\"576\" src=\"https:\/\/schreck-aus-schroeck.de\/wp-content\/uploads\/2020\/08\/2019.06.21_Wollbiene-an-Salbei_RMS_099380-1024x576.jpg\" alt=\"\" class=\"wp-image-5448\" srcset=\"https:\/\/schreck-aus-schroeck.de\/wp-content\/uploads\/2020\/08\/2019.06.21_Wollbiene-an-Salbei_RMS_099380-1024x576.jpg 1024w, https:\/\/schreck-aus-schroeck.de\/wp-content\/uploads\/2020\/08\/2019.06.21_Wollbiene-an-Salbei_RMS_099380-300x169.jpg 300w, https:\/\/schreck-aus-schroeck.de\/wp-content\/uploads\/2020\/08\/2019.06.21_Wollbiene-an-Salbei_RMS_099380-768x432.jpg 768w, https:\/\/schreck-aus-schroeck.de\/wp-content\/uploads\/2020\/08\/2019.06.21_Wollbiene-an-Salbei_RMS_099380-1536x864.jpg 1536w, https:\/\/schreck-aus-schroeck.de\/wp-content\/uploads\/2020\/08\/2019.06.21_Wollbiene-an-Salbei_RMS_099380-2048x1152.jpg 2048w\" sizes=\"auto, (max-width: 1024px) 100vw, 1024px\" \/><figcaption>21.06.2019 &#8211; Die Balkonblume des Jahres 2020, der Mehl Salbei ist auch hei\u00df begehrt.<\/figcaption><\/figure>\n\n\n\n<figure class=\"wp-block-image size-full\"><img loading=\"lazy\" decoding=\"async\" width=\"2560\" height=\"2560\" src=\"https:\/\/schreck-aus-schroeck.de\/wp-content\/uploads\/2020\/08\/2019.06.21_Wollbiene-M\u00e4nnchen_RMS_099330-2-scaled.jpg\" alt=\"\" class=\"wp-image-5449\" srcset=\"https:\/\/schreck-aus-schroeck.de\/wp-content\/uploads\/2020\/08\/2019.06.21_Wollbiene-M\u00e4nnchen_RMS_099330-2-scaled.jpg 2560w, https:\/\/schreck-aus-schroeck.de\/wp-content\/uploads\/2020\/08\/2019.06.21_Wollbiene-M\u00e4nnchen_RMS_099330-2-300x300.jpg 300w, https:\/\/schreck-aus-schroeck.de\/wp-content\/uploads\/2020\/08\/2019.06.21_Wollbiene-M\u00e4nnchen_RMS_099330-2-1024x1024.jpg 1024w, https:\/\/schreck-aus-schroeck.de\/wp-content\/uploads\/2020\/08\/2019.06.21_Wollbiene-M\u00e4nnchen_RMS_099330-2-150x150.jpg 150w, https:\/\/schreck-aus-schroeck.de\/wp-content\/uploads\/2020\/08\/2019.06.21_Wollbiene-M\u00e4nnchen_RMS_099330-2-768x768.jpg 768w, https:\/\/schreck-aus-schroeck.de\/wp-content\/uploads\/2020\/08\/2019.06.21_Wollbiene-M\u00e4nnchen_RMS_099330-2-1536x1536.jpg 1536w, https:\/\/schreck-aus-schroeck.de\/wp-content\/uploads\/2020\/08\/2019.06.21_Wollbiene-M\u00e4nnchen_RMS_099330-2-2048x2048.jpg 2048w, https:\/\/schreck-aus-schroeck.de\/wp-content\/uploads\/2020\/08\/2019.06.21_Wollbiene-M\u00e4nnchen_RMS_099330-2-800x800.jpg 800w, https:\/\/schreck-aus-schroeck.de\/wp-content\/uploads\/2020\/08\/2019.06.21_Wollbiene-M\u00e4nnchen_RMS_099330-2-50x50.jpg 50w\" sizes=\"auto, (max-width: 2560px) 100vw, 2560px\" \/><figcaption>Die Belohnung f\u00fcr Nektar und Pollen ist die Best\u00e4ubung. Die Biene passt akkurat in die Bl\u00fcte, nimmt mit Kopf und R\u00fccken Bl\u00fctenstaub auf und befliegt die n\u00e4chste Bl\u00fcte.<\/figcaption><\/figure>\n\n\n\n<figure class=\"wp-block-image size-large\"><img loading=\"lazy\" decoding=\"async\" width=\"1024\" height=\"576\" src=\"https:\/\/schreck-aus-schroeck.de\/wp-content\/uploads\/2020\/08\/2019.06.15_Staudenbeet-Friedhof-Leo_RMS_098121-2-1024x576.jpg\" alt=\"\" class=\"wp-image-5450\" srcset=\"https:\/\/schreck-aus-schroeck.de\/wp-content\/uploads\/2020\/08\/2019.06.15_Staudenbeet-Friedhof-Leo_RMS_098121-2-1024x576.jpg 1024w, https:\/\/schreck-aus-schroeck.de\/wp-content\/uploads\/2020\/08\/2019.06.15_Staudenbeet-Friedhof-Leo_RMS_098121-2-300x169.jpg 300w, https:\/\/schreck-aus-schroeck.de\/wp-content\/uploads\/2020\/08\/2019.06.15_Staudenbeet-Friedhof-Leo_RMS_098121-2-768x432.jpg 768w, https:\/\/schreck-aus-schroeck.de\/wp-content\/uploads\/2020\/08\/2019.06.15_Staudenbeet-Friedhof-Leo_RMS_098121-2-1536x864.jpg 1536w, https:\/\/schreck-aus-schroeck.de\/wp-content\/uploads\/2020\/08\/2019.06.15_Staudenbeet-Friedhof-Leo_RMS_098121-2-2048x1152.jpg 2048w\" sizes=\"auto, (max-width: 1024px) 100vw, 1024px\" \/><figcaption>15.06.2019 &#8211; Die L\u00fccke im vorderen Staudenbeet auf dem Friedhof Leo war pr\u00e4destiniert f\u00fcr eine Ziest Bepflanzung. Urban gardening sozusagen.<\/figcaption><\/figure>\n\n\n\n<figure class=\"wp-block-image size-large\"><img loading=\"lazy\" decoding=\"async\" width=\"1024\" height=\"576\" src=\"https:\/\/schreck-aus-schroeck.de\/wp-content\/uploads\/2020\/08\/2020.08.04_Friedhof-Leo-Staudenbeet_RMS_212099-2-1024x576.jpg\" alt=\"\" class=\"wp-image-5451\" srcset=\"https:\/\/schreck-aus-schroeck.de\/wp-content\/uploads\/2020\/08\/2020.08.04_Friedhof-Leo-Staudenbeet_RMS_212099-2-1024x576.jpg 1024w, https:\/\/schreck-aus-schroeck.de\/wp-content\/uploads\/2020\/08\/2020.08.04_Friedhof-Leo-Staudenbeet_RMS_212099-2-300x169.jpg 300w, https:\/\/schreck-aus-schroeck.de\/wp-content\/uploads\/2020\/08\/2020.08.04_Friedhof-Leo-Staudenbeet_RMS_212099-2-768x432.jpg 768w, https:\/\/schreck-aus-schroeck.de\/wp-content\/uploads\/2020\/08\/2020.08.04_Friedhof-Leo-Staudenbeet_RMS_212099-2-1536x864.jpg 1536w, https:\/\/schreck-aus-schroeck.de\/wp-content\/uploads\/2020\/08\/2020.08.04_Friedhof-Leo-Staudenbeet_RMS_212099-2-2048x1152.jpg 2048w\" sizes=\"auto, (max-width: 1024px) 100vw, 1024px\" \/><figcaption>04.08.2020 &#8211; L\u00fccke gef\u00fcllt, die Wollbienen k\u00f6nnen ernten.<\/figcaption><\/figure>\n\n\n\n<figure class=\"wp-block-image size-large\"><img loading=\"lazy\" decoding=\"async\" width=\"1024\" height=\"576\" src=\"https:\/\/schreck-aus-schroeck.de\/wp-content\/uploads\/2020\/08\/20220.08.01_Felberich-und-Ziest_RMS_208951-2a-1024x576.jpg\" alt=\"\" class=\"wp-image-5454\" srcset=\"https:\/\/schreck-aus-schroeck.de\/wp-content\/uploads\/2020\/08\/20220.08.01_Felberich-und-Ziest_RMS_208951-2a-1024x576.jpg 1024w, https:\/\/schreck-aus-schroeck.de\/wp-content\/uploads\/2020\/08\/20220.08.01_Felberich-und-Ziest_RMS_208951-2a-300x169.jpg 300w, https:\/\/schreck-aus-schroeck.de\/wp-content\/uploads\/2020\/08\/20220.08.01_Felberich-und-Ziest_RMS_208951-2a-768x432.jpg 768w, https:\/\/schreck-aus-schroeck.de\/wp-content\/uploads\/2020\/08\/20220.08.01_Felberich-und-Ziest_RMS_208951-2a-1536x865.jpg 1536w, https:\/\/schreck-aus-schroeck.de\/wp-content\/uploads\/2020\/08\/20220.08.01_Felberich-und-Ziest_RMS_208951-2a-2048x1153.jpg 2048w\" sizes=\"auto, (max-width: 1024px) 100vw, 1024px\" \/><figcaption>01.08.2020 &#8211; Am Felberich &#8211; links &#8211; beobachten wir die Auen Schenkelbiene und am Wollziest &#8211; rechts &#8211; die Garten Wollbiene. Lebensraum f\u00fcr die bedrohten Wildbienen. In unserem Garten.<\/figcaption><\/figure>\n\n\n\n<figure class=\"wp-block-image size-large\"><img loading=\"lazy\" decoding=\"async\" width=\"1024\" height=\"576\" src=\"https:\/\/schreck-aus-schroeck.de\/wp-content\/uploads\/2020\/08\/2020.08.04_Vorgarten-Leo-Bienen-Paradies_RMS_211875-2-1024x576.jpg\" alt=\"\" class=\"wp-image-5458\" srcset=\"https:\/\/schreck-aus-schroeck.de\/wp-content\/uploads\/2020\/08\/2020.08.04_Vorgarten-Leo-Bienen-Paradies_RMS_211875-2-1024x576.jpg 1024w, https:\/\/schreck-aus-schroeck.de\/wp-content\/uploads\/2020\/08\/2020.08.04_Vorgarten-Leo-Bienen-Paradies_RMS_211875-2-300x169.jpg 300w, https:\/\/schreck-aus-schroeck.de\/wp-content\/uploads\/2020\/08\/2020.08.04_Vorgarten-Leo-Bienen-Paradies_RMS_211875-2-768x432.jpg 768w, https:\/\/schreck-aus-schroeck.de\/wp-content\/uploads\/2020\/08\/2020.08.04_Vorgarten-Leo-Bienen-Paradies_RMS_211875-2-1536x865.jpg 1536w, https:\/\/schreck-aus-schroeck.de\/wp-content\/uploads\/2020\/08\/2020.08.04_Vorgarten-Leo-Bienen-Paradies_RMS_211875-2-2048x1153.jpg 2048w\" sizes=\"auto, (max-width: 1024px) 100vw, 1024px\" \/><figcaption>Die Vorgarten Polizei bewertet diese Anlage als &#8220;Vorgarten der Woche&#8221;. Die Bepflanzung besteht aus Trockenk\u00fcnstlern wie Fetter Henne (Sedum in Sorten), Dachwurz (Sempervivum in Sorten) und anderen Polsterstauden. Sehr gut gemacht, pflegeleicht, ansprechend und Insekten freundlich. Hier kommt man gerne nach Hause. Ein solches Bienenparadies plant und pflanzt unser Thomas. Der Landschaftsg\u00e4rtner unseres Vertrauens. Seine Felder liegen im Westen.<\/figcaption><\/figure>\n\n\n\n<p>Ralf Schreck &#8211; Wollbienen Freund<\/p>\n","protected":false},"excerpt":{"rendered":"<p>Anthidium manicatum Ralf Schreck &#8211; Wollbienen Freund<\/p>\n","protected":false},"author":1,"featured_media":5431,"comment_status":"open","ping_status":"open","sticky":false,"template":"","format":"standard","meta":{"_monsterinsights_skip_tracking":false,"_monsterinsights_sitenote_active":false,"_monsterinsights_sitenote_note":"","_monsterinsights_sitenote_category":0,"jetpack_post_was_ever_published":false,"_jetpack_newsletter_access":"","_jetpack_dont_email_post_to_subs":false,"_jetpack_newsletter_tier_id":0,"_jetpack_memberships_contains_paywalled_content":false,"_jetpack_memberships_contains_paid_content":false,"footnotes":"","jetpack_publicize_message":"","jetpack_publicize_feature_enabled":true,"jetpack_social_post_already_shared":true,"jetpack_social_options":{"image_generator_settings":{"template":"highway","default_image_id":0,"font":"","enabled":false},"version":2}},"categories":[5,110],"tags":[61],"class_list":["post-5430","post","type-post","status-publish","format-standard","has-post-thumbnail","hentry","category-garten","category-wildbienen","tag-wildbienen"],"jetpack_publicize_connections":[],"jetpack_featured_media_url":"https:\/\/schreck-aus-schroeck.de\/wp-content\/uploads\/2020\/08\/2020.07.11_Wollbiene-raspelt_RMS_192492-3-scaled.jpg","jetpack_sharing_enabled":true,"jetpack_shortlink":"https:\/\/wp.me\/p5EXXX-1pA","jetpack_likes_enabled":true,"_links":{"self":[{"href":"https:\/\/schreck-aus-schroeck.de\/index.php?rest_route=\/wp\/v2\/posts\/5430","targetHints":{"allow":["GET"]}}],"collection":[{"href":"https:\/\/schreck-aus-schroeck.de\/index.php?rest_route=\/wp\/v2\/posts"}],"about":[{"href":"https:\/\/schreck-aus-schroeck.de\/index.php?rest_route=\/wp\/v2\/types\/post"}],"author":[{"embeddable":true,"href":"https:\/\/schreck-aus-schroeck.de\/index.php?rest_route=\/wp\/v2\/users\/1"}],"replies":[{"embeddable":true,"href":"https:\/\/schreck-aus-schroeck.de\/index.php?rest_route=%2Fwp%2Fv2%2Fcomments&post=5430"}],"version-history":[{"count":9,"href":"https:\/\/schreck-aus-schroeck.de\/index.php?rest_route=\/wp\/v2\/posts\/5430\/revisions"}],"predecessor-version":[{"id":5512,"href":"https:\/\/schreck-aus-schroeck.de\/index.php?rest_route=\/wp\/v2\/posts\/5430\/revisions\/5512"}],"wp:featuredmedia":[{"embeddable":true,"href":"https:\/\/schreck-aus-schroeck.de\/index.php?rest_route=\/wp\/v2\/media\/5431"}],"wp:attachment":[{"href":"https:\/\/schreck-aus-schroeck.de\/index.php?rest_route=%2Fwp%2Fv2%2Fmedia&parent=5430"}],"wp:term":[{"taxonomy":"category","embeddable":true,"href":"https:\/\/schreck-aus-schroeck.de\/index.php?rest_route=%2Fwp%2Fv2%2Fcategories&post=5430"},{"taxonomy":"post_tag","embeddable":true,"href":"https:\/\/schreck-aus-schroeck.de\/index.php?rest_route=%2Fwp%2Fv2%2Ftags&post=5430"}],"curies":[{"name":"wp","href":"https:\/\/api.w.org\/{rel}","templated":true}]}}